{"id":11542,"date":"2026-01-07T09:35:40","date_gmt":"2026-01-07T08:35:40","guid":{"rendered":"https:\/\/umtykocin.pl\/mieszkaniec\/?p=11542"},"modified":"2026-01-07T09:35:40","modified_gmt":"2026-01-07T08:35:40","slug":"urzad-pracy-blizej-ciebie-spotkanie-z-pracownikami-powiatowego-urzedu-pracy-w-bialymstoku","status":"publish","type":"post","link":"https:\/\/umtykocin.pl\/mieszkaniec\/urzad-pracy-blizej-ciebie-spotkanie-z-pracownikami-powiatowego-urzedu-pracy-w-bialymstoku\/","title":{"rendered":"Urz\u0105d Pracy Bli\u017cej Ciebie &#8211; spotkanie z pracownikami Powiatowego Urz\u0119du Pracy w Bia\u0142ymstoku"},"content":{"rendered":"<p data-start=\"265\" data-end=\"463\">Szanowni mieszka\u0144cy <strong>Gminy Tykocin!<br \/>\n<\/strong><strong data-start=\"269\" data-end=\"304\">16 stycznia 2026 r. (pi\u0105tek) <\/strong>w godzinach <strong data-start=\"318\" data-end=\"333\">10:00\u201312:00<\/strong>, w sali konferencyjnej <strong data-start=\"357\" data-end=\"390\">Urz\u0119du Miejskiego w Tykocinie<\/strong>, go\u015bci\u0107 b\u0119dziemy pracownik\u00f3w <strong data-start=\"420\" data-end=\"462\">Powiatowego Urz\u0119du Pracy w Bia\u0142ymstoku<\/strong>.<\/p>\n<p data-start=\"465\" data-end=\"574\">To cz\u0119\u015b\u0107 akcji <strong data-start=\"480\" data-end=\"511\">\u201eUrz\u0105d Pracy Bli\u017cej Ciebie\u201d<\/strong> \u2013 czyli dobra okazja, by bez dojazd\u00f3w i kolejek porozmawia\u0107 o:<\/p>\n<ul data-start=\"575\" data-end=\"650\">\n<li data-start=\"575\" data-end=\"592\">\n<p data-start=\"577\" data-end=\"592\">ofertach pracy,<\/p>\n<\/li>\n<li data-start=\"593\" data-end=\"607\">\n<p data-start=\"595\" data-end=\"607\">szkoleniach,<\/p>\n<\/li>\n<li data-start=\"608\" data-end=\"650\">\n<p data-start=\"610\" data-end=\"650\">wsparciu dla bezrobotnych i pracodawc\u00f3w.<\/p>\n<\/li>\n<\/ul>\n<p data-start=\"652\" data-end=\"762\">Zach\u0119camy wszystkich mieszka\u0144c\u00f3w \u2013 wpadnijcie z pytaniem, pomys\u0142em, w\u0105tpliwo\u015bci\u0105.<\/p>\n","protected":false},"excerpt":{"rendered":"<p>Szanowni mieszka\u0144cy Gminy Tykocin! 16 stycznia 2026 r. (pi\u0105tek) w godzinach 10:00\u201312:00, w sali konferencyjnej Urz\u0119du Miejskiego w Tykocinie, go\u015bci\u0107 b\u0119dziemy pracownik\u00f3w Powiatowego Urz\u0119du Pracy w Bia\u0142ymstoku. To cz\u0119\u015b\u0107 akcji \u201eUrz\u0105d Pracy Bli\u017cej Ciebie\u201d \u2013 czyli dobra okazja, by bez dojazd\u00f3w i kolejek porozmawia\u0107 o: ofertach pracy, szkoleniach, wsparciu dla bezrobotnych i pracodawc\u00f3w. Zach\u0119camy wszystkich [&hellip;]<\/p>\n","protected":false},"author":10015,"featured_media":11543,"comment_status":"closed","ping_status":"open","sticky":false,"template":"","format":"standard","meta":{"_et_pb_use_builder":"","_et_pb_old_content":"","_et_gb_content_width":"","cybocfi_hide_featured_image":"","footnotes":""},"categories":[99],"tags":[],"class_list":["post-11542","post","type-post","status-publish","format-standard","has-post-thumbnail","hentry","category-aktualnosci","high-contrast"],"_links":{"self":[{"href":"https:\/\/umtykocin.pl\/mieszkaniec\/wp-json\/wp\/v2\/posts\/11542","targetHints":{"allow":["GET"]}}],"collection":[{"href":"https:\/\/umtykocin.pl\/mieszkaniec\/wp-json\/wp\/v2\/posts"}],"about":[{"href":"https:\/\/umtykocin.pl\/mieszkaniec\/wp-json\/wp\/v2\/types\/post"}],"author":[{"embeddable":true,"href":"https:\/\/umtykocin.pl\/mieszkaniec\/wp-json\/wp\/v2\/users\/10015"}],"replies":[{"embeddable":true,"href":"https:\/\/umtykocin.pl\/mieszkaniec\/wp-json\/wp\/v2\/comments?post=11542"}],"version-history":[{"count":1,"href":"https:\/\/umtykocin.pl\/mieszkaniec\/wp-json\/wp\/v2\/posts\/11542\/revisions"}],"predecessor-version":[{"id":11544,"href":"https:\/\/umtykocin.pl\/mieszkaniec\/wp-json\/wp\/v2\/posts\/11542\/revisions\/11544"}],"wp:featuredmedia":[{"embeddable":true,"href":"https:\/\/umtykocin.pl\/mieszkaniec\/wp-json\/wp\/v2\/media\/11543"}],"wp:attachment":[{"href":"https:\/\/umtykocin.pl\/mieszkaniec\/wp-json\/wp\/v2\/media?parent=11542"}],"wp:term":[{"taxonomy":"category","embeddable":true,"href":"https:\/\/umtykocin.pl\/mieszkaniec\/wp-json\/wp\/v2\/categories?post=11542"},{"taxonomy":"post_tag","embeddable":true,"href":"https:\/\/umtykocin.pl\/mieszkaniec\/wp-json\/wp\/v2\/tags?post=11542"}],"curies":[{"name":"wp","href":"https:\/\/api.w.org\/{rel}","templated":true}]}}