{"id":11577,"date":"2026-01-13T09:18:49","date_gmt":"2026-01-13T08:18:49","guid":{"rendered":"https:\/\/umtykocin.pl\/mieszkaniec\/?p=11577"},"modified":"2026-01-13T09:18:49","modified_gmt":"2026-01-13T08:18:49","slug":"ferie-zimowe-z-biebrzanskim-parkiem-narodowym","status":"publish","type":"post","link":"https:\/\/umtykocin.pl\/mieszkaniec\/ferie-zimowe-z-biebrzanskim-parkiem-narodowym\/","title":{"rendered":"Ferie zimowe z Biebrza\u0144skim Parkiem Narodowym"},"content":{"rendered":"<p>Szanowni Pa\u0144stwo,<br \/>\nBiebrza\u0144ski Park Narodowy (BbPN) zaprasza dzieci z opiekunami na ferie \u201ePrzyroda, woda i przygoda\u201d. Rok 2026 zosta\u0142 og\u0142oszony Rokiem Ochrony Zasob\u00f3w Wodnych w BbPN, a tematem przewodnim ferii b\u0119dzie woda.<\/p>\n<p>26 stycznia 2026 r. (poniedzia\u0142ek)<br \/>\nSpotykamy si\u0119 o godz. 10:00 na parkingu \u015bcie\u017cki edukacyjnej BbPN \u201eBarwik\u201d lokalizacja:\u00a0<a href=\"https:\/\/maps.app.goo.gl\/515YpsunuNrFz13H7?fbclid=IwZXh0bgNhZW0CMTAAYnJpZBEwTm8wWk5BSm9VTGx5MnczQnNydGMGYXBwX2lkEDIyMjAzOTE3ODgyMDA4OTIAAR7FCrZOwb7qpwvOO9oMpzgHeiBoOB8tT_3VVgDChIypCXT6Xpd6RwoINjwM5w_aem_3JlhpbS0Eb5MZHRRnnKfeQ\"><strong>https:\/\/maps.app.goo.gl\/515YpsunuNrFz13H7<\/strong><\/a><br \/>\nW programie:<br \/>\n\u2013 Godz. 10:00 \u2013 13:00 \u2013 Piesza wycieczka terenowa na \u015bcie\u017cce edukacyjnej BbPN \u201eBarwik\u201d, na dystansie ok. 5 km, z edukatorami BbPN \u2013 Ann\u0105 Satkiewicz i Bogdanem Browarskim.<br \/>\n\u2013 Godz. 13:00 \u2013 Ognisko.<br \/>\nNie zapewniamy transportu. Przejazd we w\u0142asnym zakresie.<br \/>\nProsimy o zabranie w\u0142asnego prowiantu na ognisko.<br \/>\nProsimy o ubi\u00f3r odpowiedni do panuj\u0105cych warunk\u00f3w pogodowych.<br \/>\nZg\u0142oszenia udzia\u0142u prosz\u0119 przesy\u0142a\u0107 na adres mailowy: <a href=\"mailto:anna.satkiewicz@biebrza.org.pl\">anna.satkiewicz@biebrza.org.pl<\/a><\/p>\n<p>27 stycznia 2026 r. (wtorek)<br \/>\nSpotykamy si\u0119 o godz. 10:00 w Centrum Edukacji i Zarz\u0105dzania BbPN, w Osowcu-Twierdzy 8, 19-110 Goni\u0105dz, w sali konferencyjnej nr 3.<br \/>\nW programie:<br \/>\n\u2013 Godz. 10:00 \u2013 11:00 \u2013 prelekcja przyrodnicza autorstwa Piotra Ta\u0142a\u0142aja \u2013 edukatora BbPN.<br \/>\nZg\u0142oszenia udzia\u0142u prosz\u0119 przesy\u0142a\u0107 na adres mailowy: <a href=\"mailto:beata.glebocka@biebrza.org.pl\">beata.glebocka@biebrza.org.pl<\/a><\/p>\n","protected":false},"excerpt":{"rendered":"<p>Szanowni Pa\u0144stwo, Biebrza\u0144ski Park Narodowy (BbPN) zaprasza dzieci z opiekunami na ferie \u201ePrzyroda, woda i przygoda\u201d. Rok 2026 zosta\u0142 og\u0142oszony Rokiem Ochrony Zasob\u00f3w Wodnych w BbPN, a tematem przewodnim ferii b\u0119dzie woda. 26 stycznia 2026 r. (poniedzia\u0142ek) Spotykamy si\u0119 o godz. 10:00 na parkingu \u015bcie\u017cki edukacyjnej BbPN \u201eBarwik\u201d lokalizacja:\u00a0https:\/\/maps.app.goo.gl\/515YpsunuNrFz13H7 W programie: \u2013 Godz. 10:00 \u2013 [&hellip;]<\/p>\n","protected":false},"author":10015,"featured_media":11578,"comment_status":"closed","ping_status":"open","sticky":false,"template":"","format":"standard","meta":{"_et_pb_use_builder":"","_et_pb_old_content":"","_et_gb_content_width":"","cybocfi_hide_featured_image":"","footnotes":""},"categories":[99],"tags":[],"class_list":["post-11577","post","type-post","status-publish","format-standard","has-post-thumbnail","hentry","category-aktualnosci","high-contrast"],"_links":{"self":[{"href":"https:\/\/umtykocin.pl\/mieszkaniec\/wp-json\/wp\/v2\/posts\/11577","targetHints":{"allow":["GET"]}}],"collection":[{"href":"https:\/\/umtykocin.pl\/mieszkaniec\/wp-json\/wp\/v2\/posts"}],"about":[{"href":"https:\/\/umtykocin.pl\/mieszkaniec\/wp-json\/wp\/v2\/types\/post"}],"author":[{"embeddable":true,"href":"https:\/\/umtykocin.pl\/mieszkaniec\/wp-json\/wp\/v2\/users\/10015"}],"replies":[{"embeddable":true,"href":"https:\/\/umtykocin.pl\/mieszkaniec\/wp-json\/wp\/v2\/comments?post=11577"}],"version-history":[{"count":1,"href":"https:\/\/umtykocin.pl\/mieszkaniec\/wp-json\/wp\/v2\/posts\/11577\/revisions"}],"predecessor-version":[{"id":11579,"href":"https:\/\/umtykocin.pl\/mieszkaniec\/wp-json\/wp\/v2\/posts\/11577\/revisions\/11579"}],"wp:featuredmedia":[{"embeddable":true,"href":"https:\/\/umtykocin.pl\/mieszkaniec\/wp-json\/wp\/v2\/media\/11578"}],"wp:attachment":[{"href":"https:\/\/umtykocin.pl\/mieszkaniec\/wp-json\/wp\/v2\/media?parent=11577"}],"wp:term":[{"taxonomy":"category","embeddable":true,"href":"https:\/\/umtykocin.pl\/mieszkaniec\/wp-json\/wp\/v2\/categories?post=11577"},{"taxonomy":"post_tag","embeddable":true,"href":"https:\/\/umtykocin.pl\/mieszkaniec\/wp-json\/wp\/v2\/tags?post=11577"}],"curies":[{"name":"wp","href":"https:\/\/api.w.org\/{rel}","templated":true}]}}