{"id":11616,"date":"2026-01-27T08:08:05","date_gmt":"2026-01-27T07:08:05","guid":{"rendered":"https:\/\/umtykocin.pl\/mieszkaniec\/?p=11616"},"modified":"2026-01-27T08:08:05","modified_gmt":"2026-01-27T07:08:05","slug":"bezplatne-szkolenie-dotyczace-krajowego-systemu-e-faktur-ksef","status":"publish","type":"post","link":"https:\/\/umtykocin.pl\/mieszkaniec\/bezplatne-szkolenie-dotyczace-krajowego-systemu-e-faktur-ksef\/","title":{"rendered":"Bezp\u0142atne szkolenie dotycz\u0105ce Krajowego Systemu e-Faktur (KSeF)"},"content":{"rendered":"<p><strong>Podlaska Krajowa Administracja Skarbowa kontynuuje cykl bezp\u0142atnych szkole\u0144 dotycz\u0105cych Krajowego Systemu e-Faktur (KSeF). <\/strong><strong>Ju\u017c w najbli\u017csz\u0105 \u015brod\u0119, 28 stycznia 2026 r., przedsi\u0119biorcy b\u0119d\u0105 mogli ponownie skorzysta\u0107 ze wsparcia ekspert\u00f3w i pozna\u0107 zasady dzia\u0142ania systemu w praktyce.<\/strong><\/p>\n<p>Cykl \u201e\u015aroda z KSeF \u2013 w pigu\u0142ce\u201d cieszy si\u0119 zainteresowaniem podatnik\u00f3w, kt\u00f3rzy przygotowuj\u0105 si\u0119 do wdro\u017cenia faktur ustrukturyzowanych. Kolejne spotkania odb\u0119d\u0105 si\u0119 w najbli\u017csz\u0105 \u015brod\u0119 w urz\u0119dach skarbowych w ca\u0142ym wojew\u00f3dztwie (r\u00f3wnie\u017c w formie online).<\/p>\n<p>Podczas spotka\u0144 eksperci przybli\u017c\u0105 kluczowe zagadnienia dotycz\u0105ce systemu, m.in.:<\/p>\n<ul>\n<li>kogo dotyczy obowi\u0105zek korzystania z KSeF,<\/li>\n<li>jak uwierzytelni\u0107 si\u0119 w systemie i nadawa\u0107 uprawnienia,<\/li>\n<li>jak wystawia\u0107 i odbiera\u0107 faktury ustrukturyzowane,<\/li>\n<li>jakie bezp\u0142atne narz\u0119dzia udost\u0119pnia Ministerstwo Finans\u00f3w.<\/li>\n<\/ul>\n<p>Szkolenia s\u0105 skierowane przede wszystkim do mikroprzedsi\u0119biorc\u00f3w oraz os\u00f3b prowadz\u0105cych jednoosobow\u0105 dzia\u0142alno\u015b\u0107 gospodarcz\u0105, kt\u00f3re chc\u0105 pozna\u0107 system \u201ekrok po kroku\u201d.<\/p>\n<p>W \u015brod\u0119 28 stycznia odb\u0119d\u0105 si\u0119 kolejne szkolenia, zar\u00f3wno w formie bezpo\u015bredniej, jak i zdalnej, podczas kt\u00f3rych eksperci podlaskiej KAS przeka\u017c\u0105 najwa\u017cniejsze informacje nt. korzystania z KSeF:<\/p>\n<ul>\n<li><strong>Stacjonarnie<\/strong> w ka\u017cdym urz\u0119dzie skarbowym woj. podlaskiego w godzinach <strong>10:00\u201312:00<\/strong> (za wyj\u0105tkiem wyspecjalizowanego Podlaskiego Urz\u0119du Skarbowego).<a href=\"https:\/\/www.gov.pl\/web\/ias-bialystok\/srody-z-ksef2\"> Szczeg\u00f3\u0142y dotycz\u0105ce spotka\u0144 w podlaskich urz\u0119dach skarbowych<\/a>.<\/li>\n<li><strong>On-line<\/strong>\u00a0na platformie MS Teams w dw\u00f3ch blokach godzinowych: <strong>10:00\u201312:00<\/strong> oraz <strong>14:00\u201316:00<\/strong> (<a title=\"\u015arody z KSeF \u2013 w pigu\u0142ce (link do spotkania w MS Teams)\" href=\"https:\/\/teams.microsoft.com\/meet\/34946096206427?p=iNB5UiXB6nX6y4QTnn\" target=\"_blank\" rel=\"noopener\">link do spotkania<\/a>).<\/li>\n<\/ul>\n","protected":false},"excerpt":{"rendered":"<p>Podlaska Krajowa Administracja Skarbowa kontynuuje cykl bezp\u0142atnych szkole\u0144 dotycz\u0105cych Krajowego Systemu e-Faktur (KSeF). Ju\u017c w najbli\u017csz\u0105 \u015brod\u0119, 28 stycznia 2026 r., przedsi\u0119biorcy b\u0119d\u0105 mogli ponownie skorzysta\u0107 ze wsparcia ekspert\u00f3w i pozna\u0107 zasady dzia\u0142ania systemu w praktyce. Cykl \u201e\u015aroda z KSeF \u2013 w pigu\u0142ce\u201d cieszy si\u0119 zainteresowaniem podatnik\u00f3w, kt\u00f3rzy przygotowuj\u0105 si\u0119 do wdro\u017cenia faktur ustrukturyzowanych. Kolejne [&hellip;]<\/p>\n","protected":false},"author":10015,"featured_media":11617,"comment_status":"closed","ping_status":"open","sticky":false,"template":"","format":"standard","meta":{"_et_pb_use_builder":"","_et_pb_old_content":"","_et_gb_content_width":"","cybocfi_hide_featured_image":"","footnotes":""},"categories":[99],"tags":[],"class_list":["post-11616","post","type-post","status-publish","format-standard","has-post-thumbnail","hentry","category-aktualnosci","high-contrast"],"_links":{"self":[{"href":"https:\/\/umtykocin.pl\/mieszkaniec\/wp-json\/wp\/v2\/posts\/11616","targetHints":{"allow":["GET"]}}],"collection":[{"href":"https:\/\/umtykocin.pl\/mieszkaniec\/wp-json\/wp\/v2\/posts"}],"about":[{"href":"https:\/\/umtykocin.pl\/mieszkaniec\/wp-json\/wp\/v2\/types\/post"}],"author":[{"embeddable":true,"href":"https:\/\/umtykocin.pl\/mieszkaniec\/wp-json\/wp\/v2\/users\/10015"}],"replies":[{"embeddable":true,"href":"https:\/\/umtykocin.pl\/mieszkaniec\/wp-json\/wp\/v2\/comments?post=11616"}],"version-history":[{"count":1,"href":"https:\/\/umtykocin.pl\/mieszkaniec\/wp-json\/wp\/v2\/posts\/11616\/revisions"}],"predecessor-version":[{"id":11618,"href":"https:\/\/umtykocin.pl\/mieszkaniec\/wp-json\/wp\/v2\/posts\/11616\/revisions\/11618"}],"wp:featuredmedia":[{"embeddable":true,"href":"https:\/\/umtykocin.pl\/mieszkaniec\/wp-json\/wp\/v2\/media\/11617"}],"wp:attachment":[{"href":"https:\/\/umtykocin.pl\/mieszkaniec\/wp-json\/wp\/v2\/media?parent=11616"}],"wp:term":[{"taxonomy":"category","embeddable":true,"href":"https:\/\/umtykocin.pl\/mieszkaniec\/wp-json\/wp\/v2\/categories?post=11616"},{"taxonomy":"post_tag","embeddable":true,"href":"https:\/\/umtykocin.pl\/mieszkaniec\/wp-json\/wp\/v2\/tags?post=11616"}],"curies":[{"name":"wp","href":"https:\/\/api.w.org\/{rel}","templated":true}]}}