{"id":11620,"date":"2026-02-04T08:05:08","date_gmt":"2026-02-04T07:05:08","guid":{"rendered":"https:\/\/umtykocin.pl\/mieszkaniec\/?p=11620"},"modified":"2026-02-04T08:05:08","modified_gmt":"2026-02-04T07:05:08","slug":"nabor-wnioskow-w-ramach-ix-edycji-programu-odnowy-wsi-wojewodztwa-podlaskiego-kreatywna-wies","status":"publish","type":"post","link":"https:\/\/umtykocin.pl\/mieszkaniec\/nabor-wnioskow-w-ramach-ix-edycji-programu-odnowy-wsi-wojewodztwa-podlaskiego-kreatywna-wies\/","title":{"rendered":"Nab\u00f3r wniosk\u00f3w w ramach IX edycji \u201eProgramu odnowy wsi wojew\u00f3dztwa podlaskiego \u2013 Kreatywna wie\u015b\u201d."},"content":{"rendered":"<p>Szanowni Mieszka\u0144cy,<br \/>\nInformujemy, \u017ce Urz\u0105d Marsza\u0142kowski Wojew\u00f3dztwa Podlaskiego og\u0142osi\u0142 nab\u00f3r wniosk\u00f3w w ramach IX edycji \u201eProgramu odnowy wsi wojew\u00f3dztwa podlaskiego \u2013 Kreatywna wie\u015b\u201d.<\/p>\n<p>So\u0142tysi, na podstawie oceny bie\u017c\u0105cych potrzeb mieszka\u0144c\u00f3w danego so\u0142ectwa, opracowuj\u0105 zadania maj\u0105ce na celu ich zaspokojenie, a nast\u0119pnie wskazuj\u0105 te zadania gminie. W tym celu So\u0142tysi sk\u0142adaj\u0105 do Urz\u0119du Gminy wniosek stwierdzaj\u0105cy potrzeb\u0119 realizacji przez Gmin\u0119 danego zadania.<\/p>\n<p>Gmina, jako wykonawca tych zada\u0144 dokonuje weryfikacji spo\u015br\u00f3d zg\u0142oszonych przez so\u0142ectwa propozycji i wybiera jedno zadanie, kt\u00f3re zg\u0142asza do udzia\u0142u w Programie.<\/p>\n<p><strong>Termin z\u0142o\u017cenia wniosku przez So\u0142tysa do Urz\u0119du Miejskiego w Tykocinie: 11.02.2026 r. do godz. 12:00\u00a0<\/strong><\/p>\n<p>Szczeg\u00f3\u0142y dotycz\u0105ce naboru wniosk\u00f3w znajduj\u0105 si\u0119 na stronie internetowej: <a role=\"link\" href=\"https:\/\/podlaskie.eu\/rs\/rolnictwo\/program-odnowy-wsi-edycja-2026.html\" target=\"_blank\" rel=\"noreferrer noopener\">https:\/\/podlaskie.eu\/rs\/rolnictwo\/program-odnowy-wsi-edycja-2026.html<\/a><\/p>\n","protected":false},"excerpt":{"rendered":"<p>Szanowni Mieszka\u0144cy, Informujemy, \u017ce Urz\u0105d Marsza\u0142kowski Wojew\u00f3dztwa Podlaskiego og\u0142osi\u0142 nab\u00f3r wniosk\u00f3w w ramach IX edycji \u201eProgramu odnowy wsi wojew\u00f3dztwa podlaskiego \u2013 Kreatywna wie\u015b\u201d. So\u0142tysi, na podstawie oceny bie\u017c\u0105cych potrzeb mieszka\u0144c\u00f3w danego so\u0142ectwa, opracowuj\u0105 zadania maj\u0105ce na celu ich zaspokojenie, a nast\u0119pnie wskazuj\u0105 te zadania gminie. W tym celu So\u0142tysi sk\u0142adaj\u0105 do Urz\u0119du Gminy wniosek stwierdzaj\u0105cy [&hellip;]<\/p>\n","protected":false},"author":10015,"featured_media":11621,"comment_status":"closed","ping_status":"open","sticky":false,"template":"","format":"standard","meta":{"_et_pb_use_builder":"","_et_pb_old_content":"","_et_gb_content_width":"","cybocfi_hide_featured_image":"","footnotes":""},"categories":[1],"tags":[],"class_list":["post-11620","post","type-post","status-publish","format-standard","has-post-thumbnail","hentry","category-bez-kategorii","high-contrast"],"_links":{"self":[{"href":"https:\/\/umtykocin.pl\/mieszkaniec\/wp-json\/wp\/v2\/posts\/11620","targetHints":{"allow":["GET"]}}],"collection":[{"href":"https:\/\/umtykocin.pl\/mieszkaniec\/wp-json\/wp\/v2\/posts"}],"about":[{"href":"https:\/\/umtykocin.pl\/mieszkaniec\/wp-json\/wp\/v2\/types\/post"}],"author":[{"embeddable":true,"href":"https:\/\/umtykocin.pl\/mieszkaniec\/wp-json\/wp\/v2\/users\/10015"}],"replies":[{"embeddable":true,"href":"https:\/\/umtykocin.pl\/mieszkaniec\/wp-json\/wp\/v2\/comments?post=11620"}],"version-history":[{"count":2,"href":"https:\/\/umtykocin.pl\/mieszkaniec\/wp-json\/wp\/v2\/posts\/11620\/revisions"}],"predecessor-version":[{"id":11623,"href":"https:\/\/umtykocin.pl\/mieszkaniec\/wp-json\/wp\/v2\/posts\/11620\/revisions\/11623"}],"wp:featuredmedia":[{"embeddable":true,"href":"https:\/\/umtykocin.pl\/mieszkaniec\/wp-json\/wp\/v2\/media\/11621"}],"wp:attachment":[{"href":"https:\/\/umtykocin.pl\/mieszkaniec\/wp-json\/wp\/v2\/media?parent=11620"}],"wp:term":[{"taxonomy":"category","embeddable":true,"href":"https:\/\/umtykocin.pl\/mieszkaniec\/wp-json\/wp\/v2\/categories?post=11620"},{"taxonomy":"post_tag","embeddable":true,"href":"https:\/\/umtykocin.pl\/mieszkaniec\/wp-json\/wp\/v2\/tags?post=11620"}],"curies":[{"name":"wp","href":"https:\/\/api.w.org\/{rel}","templated":true}]}}