{"id":11631,"date":"2026-02-09T12:31:56","date_gmt":"2026-02-09T11:31:56","guid":{"rendered":"https:\/\/umtykocin.pl\/mieszkaniec\/?p=11631"},"modified":"2026-02-09T12:31:56","modified_gmt":"2026-02-09T11:31:56","slug":"informacja-o-szkoleniu-dla-przedsiebiorcow-z-zakresu-sprawozdawczosci-o-produktach-opakowaniach-i-o-gospodarowaniu-odpadami-bdo","status":"publish","type":"post","link":"https:\/\/umtykocin.pl\/mieszkaniec\/informacja-o-szkoleniu-dla-przedsiebiorcow-z-zakresu-sprawozdawczosci-o-produktach-opakowaniach-i-o-gospodarowaniu-odpadami-bdo\/","title":{"rendered":"Informacja o szkoleniu dla przedsi\u0119biorc\u00f3w z zakresu sprawozdawczo\u015bci o produktach, opakowaniach i o gospodarowaniu odpadami (BDO)"},"content":{"rendered":"<p>Referat Op\u0142at Produktowych Departamentu Ochrony \u015arodowiska Urz\u0119du Marsza\u0142kowskiego Wojew\u00f3dztwa Podlaskiego w Bia\u0142ymstoku zaprasza na bezp\u0142atne szkolenie dla przedsi\u0119biorc\u00f3w w zakresie sprawozdawczo\u015bci produktowej w Bazie danych o produktach i opakowaniach oraz gospodarce odpadami \u2013 BDO.<\/p>\n<p>Szkolenie odb\u0119dzie si\u0119 19 lutego 2026 r. o godz. 9.30 w sali nr 115 w Urz\u0119dzie Marsza\u0142kowskim Wojew\u00f3dztwa Podlaskiego przy ul. Wyszy\u0144skiego 1.<\/p>\n<p>Zapisy na szkolenie odbywaj\u0105 si\u0119 pod nr tel. 85 66 54 411, 85 66 54 416, 85 66 54 481, 85 66 54 513, 85 66 54 765.<\/p>\n<p>Szkolenie skierowane jest do przedsi\u0119biorc\u00f3w wprowadzaj\u0105cych produkty w opakowaniach oraz prowadz\u0105cych jednostki handlu detalicznego, hurtowego b\u0105d\u017a jednostki gastronomiczne w kt\u00f3rych oferowane s\u0105 produkty jednorazowego u\u017cytku z tworzyw sztucznych b\u0119d\u0105ce opakowaniami (SUP).<\/p>\n<p>Je\u017celi prowadzisz jednostk\u0119 gastronomiczn\u0105, w kt\u00f3rej wydajesz posi\u0142ki na wynos, sprowadzasz produkty w opakowaniach zza granicy b\u0105d\u017a prowadzisz sprzeda\u017c internetow\u0105 to jeste\u015b wprowadzaj\u0105cym produkty w opakowaniach i powiniene\u015b uzyska\u0107 wpis do rejestru BDO i z\u0142o\u017cy\u0107 stosowne sprawozdanie.<\/p>\n","protected":false},"excerpt":{"rendered":"<p>Referat Op\u0142at Produktowych Departamentu Ochrony \u015arodowiska Urz\u0119du Marsza\u0142kowskiego Wojew\u00f3dztwa Podlaskiego w Bia\u0142ymstoku zaprasza na bezp\u0142atne szkolenie dla przedsi\u0119biorc\u00f3w w zakresie sprawozdawczo\u015bci produktowej w Bazie danych o produktach i opakowaniach oraz gospodarce odpadami \u2013 BDO. Szkolenie odb\u0119dzie si\u0119 19 lutego 2026 r. o godz. 9.30 w sali nr 115 w Urz\u0119dzie Marsza\u0142kowskim Wojew\u00f3dztwa Podlaskiego przy ul. [&hellip;]<\/p>\n","protected":false},"author":10015,"featured_media":11011,"comment_status":"closed","ping_status":"open","sticky":false,"template":"","format":"standard","meta":{"_et_pb_use_builder":"","_et_pb_old_content":"","_et_gb_content_width":"","cybocfi_hide_featured_image":"","footnotes":""},"categories":[99,165],"tags":[],"class_list":["post-11631","post","type-post","status-publish","format-standard","has-post-thumbnail","hentry","category-aktualnosci","category-gospodarka-odpadami-komunalnymi","high-contrast"],"_links":{"self":[{"href":"https:\/\/umtykocin.pl\/mieszkaniec\/wp-json\/wp\/v2\/posts\/11631","targetHints":{"allow":["GET"]}}],"collection":[{"href":"https:\/\/umtykocin.pl\/mieszkaniec\/wp-json\/wp\/v2\/posts"}],"about":[{"href":"https:\/\/umtykocin.pl\/mieszkaniec\/wp-json\/wp\/v2\/types\/post"}],"author":[{"embeddable":true,"href":"https:\/\/umtykocin.pl\/mieszkaniec\/wp-json\/wp\/v2\/users\/10015"}],"replies":[{"embeddable":true,"href":"https:\/\/umtykocin.pl\/mieszkaniec\/wp-json\/wp\/v2\/comments?post=11631"}],"version-history":[{"count":1,"href":"https:\/\/umtykocin.pl\/mieszkaniec\/wp-json\/wp\/v2\/posts\/11631\/revisions"}],"predecessor-version":[{"id":11632,"href":"https:\/\/umtykocin.pl\/mieszkaniec\/wp-json\/wp\/v2\/posts\/11631\/revisions\/11632"}],"wp:featuredmedia":[{"embeddable":true,"href":"https:\/\/umtykocin.pl\/mieszkaniec\/wp-json\/wp\/v2\/media\/11011"}],"wp:attachment":[{"href":"https:\/\/umtykocin.pl\/mieszkaniec\/wp-json\/wp\/v2\/media?parent=11631"}],"wp:term":[{"taxonomy":"category","embeddable":true,"href":"https:\/\/umtykocin.pl\/mieszkaniec\/wp-json\/wp\/v2\/categories?post=11631"},{"taxonomy":"post_tag","embeddable":true,"href":"https:\/\/umtykocin.pl\/mieszkaniec\/wp-json\/wp\/v2\/tags?post=11631"}],"curies":[{"name":"wp","href":"https:\/\/api.w.org\/{rel}","templated":true}]}}