{"id":11645,"date":"2026-02-11T13:39:21","date_gmt":"2026-02-11T12:39:21","guid":{"rendered":"https:\/\/umtykocin.pl\/mieszkaniec\/?p=11645"},"modified":"2026-02-11T13:39:21","modified_gmt":"2026-02-11T12:39:21","slug":"informacja-o-konsultacjach-spolecznych-dokumentu-pt-strategia-ochrony-obszarow-wodno-blotnych-w-polsce-wraz-z-planem-dzialan","status":"publish","type":"post","link":"https:\/\/umtykocin.pl\/mieszkaniec\/informacja-o-konsultacjach-spolecznych-dokumentu-pt-strategia-ochrony-obszarow-wodno-blotnych-w-polsce-wraz-z-planem-dzialan\/","title":{"rendered":"Informacja o konsultacjach spo\u0142ecznych dokumentu pt. \u201eStrategia ochrony obszar\u00f3w wodno-b\u0142otnych w Polsce wraz z Planem dzia\u0142a\u0144\u201d."},"content":{"rendered":"<p class=\"isselectedend\">Podlaska Izba Rolnicza informuje o trwaj\u0105cych konsultacjach spo\u0142ecznych dokumentu pt. <strong>\u201eStrategia ochrony obszar\u00f3w wodno-b\u0142otnych w Polsce wraz z Planem dzia\u0142a\u0144\u201d<\/strong>.<\/p>\n<p class=\"isselectedend\">Proces konsultacji prowadzony jest przez Generaln\u0105 Dyrekcj\u0119 Ochrony \u015arodowiska i ma na celu zebranie opinii, uwag oraz propozycji dotycz\u0105cych kierunk\u00f3w ochrony, odtwarzania oraz zr\u00f3wnowa\u017conego u\u017cytkowania obszar\u00f3w wodno-b\u0142otnych w Polsce. Dokument ten odnosi si\u0119 m.in. do zagadnie\u0144 istotnych z punktu widzenia rolnictwa, gospodarki wodnej, adaptacji do zmian klimatu oraz zachowania r\u00f3\u017cnorodno\u015bci biologicznej \u2013 zar\u00f3wno na poziomie krajowym, jak i lokalnym.<\/p>\n<p class=\"isselectedend\">Z uwagi na istotn\u0105 rol\u0119 jednostek samorz\u0105du terytorialnego w kszta\u0142towaniu lokalnej polityki przestrzennej, wspieraniu rozwoju rolnictwa oraz ochronie \u015brodowiska.<\/p>\n<p class=\"isselectedend\">Uprzejmie zapraszamy do zapoznania si\u0119 z projektem Strategii oraz do aktywnego udzia\u0142u w konsultacjach poprzez zg\u0142oszenie ewentualnych uwag i opinii na adres bialystok@pirol.pl do dnia 23.02.2026r.<\/p>\n<p class=\"isselectedend\">Szczeg\u00f3\u0142owe informacje dotycz\u0105ce konsultacji, w tym tre\u015b\u0107 dokumentu oraz spos\u00f3b i termin zg\u0142aszania uwag, dost\u0119pne s\u0105 pod adresem:<br \/>\n<a href=\"https:\/\/www.gov.pl\/web\/gdos\/konsultacje-spoleczne-strategii-ochrony-obszarow-wodno-blotnych-w-polsce-wraz-z-planem-dzialan\">https:\/\/www.gov.pl\/web\/gdos\/konsultacje-spoleczne-strategii-ochrony-obszarow-wodno-blotnych-w-polsce-wraz-z-planem-dzialan<\/a><\/p>\n","protected":false},"excerpt":{"rendered":"<p>Podlaska Izba Rolnicza informuje o trwaj\u0105cych konsultacjach spo\u0142ecznych dokumentu pt. \u201eStrategia ochrony obszar\u00f3w wodno-b\u0142otnych w Polsce wraz z Planem dzia\u0142a\u0144\u201d. Proces konsultacji prowadzony jest przez Generaln\u0105 Dyrekcj\u0119 Ochrony \u015arodowiska i ma na celu zebranie opinii, uwag oraz propozycji dotycz\u0105cych kierunk\u00f3w ochrony, odtwarzania oraz zr\u00f3wnowa\u017conego u\u017cytkowania obszar\u00f3w wodno-b\u0142otnych w Polsce. Dokument ten odnosi si\u0119 m.in. do [&hellip;]<\/p>\n","protected":false},"author":10015,"featured_media":11647,"comment_status":"closed","ping_status":"open","sticky":false,"template":"","format":"standard","meta":{"_et_pb_use_builder":"","_et_pb_old_content":"","_et_gb_content_width":"","cybocfi_hide_featured_image":"","footnotes":""},"categories":[99],"tags":[],"class_list":["post-11645","post","type-post","status-publish","format-standard","has-post-thumbnail","hentry","category-aktualnosci","high-contrast"],"_links":{"self":[{"href":"https:\/\/umtykocin.pl\/mieszkaniec\/wp-json\/wp\/v2\/posts\/11645","targetHints":{"allow":["GET"]}}],"collection":[{"href":"https:\/\/umtykocin.pl\/mieszkaniec\/wp-json\/wp\/v2\/posts"}],"about":[{"href":"https:\/\/umtykocin.pl\/mieszkaniec\/wp-json\/wp\/v2\/types\/post"}],"author":[{"embeddable":true,"href":"https:\/\/umtykocin.pl\/mieszkaniec\/wp-json\/wp\/v2\/users\/10015"}],"replies":[{"embeddable":true,"href":"https:\/\/umtykocin.pl\/mieszkaniec\/wp-json\/wp\/v2\/comments?post=11645"}],"version-history":[{"count":1,"href":"https:\/\/umtykocin.pl\/mieszkaniec\/wp-json\/wp\/v2\/posts\/11645\/revisions"}],"predecessor-version":[{"id":11648,"href":"https:\/\/umtykocin.pl\/mieszkaniec\/wp-json\/wp\/v2\/posts\/11645\/revisions\/11648"}],"wp:featuredmedia":[{"embeddable":true,"href":"https:\/\/umtykocin.pl\/mieszkaniec\/wp-json\/wp\/v2\/media\/11647"}],"wp:attachment":[{"href":"https:\/\/umtykocin.pl\/mieszkaniec\/wp-json\/wp\/v2\/media?parent=11645"}],"wp:term":[{"taxonomy":"category","embeddable":true,"href":"https:\/\/umtykocin.pl\/mieszkaniec\/wp-json\/wp\/v2\/categories?post=11645"},{"taxonomy":"post_tag","embeddable":true,"href":"https:\/\/umtykocin.pl\/mieszkaniec\/wp-json\/wp\/v2\/tags?post=11645"}],"curies":[{"name":"wp","href":"https:\/\/api.w.org\/{rel}","templated":true}]}}