{"id":11650,"date":"2026-02-16T07:49:51","date_gmt":"2026-02-16T06:49:51","guid":{"rendered":"https:\/\/umtykocin.pl\/mieszkaniec\/?p=11650"},"modified":"2026-02-16T07:49:51","modified_gmt":"2026-02-16T06:49:51","slug":"rezerwuj-wizyty-w-zakladzie-ubezpieczen-spolecznych-i-wygodnie-zalatwiaj-swoje-sprawy","status":"publish","type":"post","link":"https:\/\/umtykocin.pl\/mieszkaniec\/rezerwuj-wizyty-w-zakladzie-ubezpieczen-spolecznych-i-wygodnie-zalatwiaj-swoje-sprawy\/","title":{"rendered":"Rezerwuj wizyty w Zak\u0142adzie Ubezpiecze\u0144 Spo\u0142ecznych i wygodnie za\u0142atwiaj swoje sprawy"},"content":{"rendered":"<p><strong>Chcesz sprawnie za\u0142atwia\u0107 swoje sprawy w\u00a0ZUS? Mo\u017cesz wcze\u015bniej zarezerwowa\u0107 wizyt\u0119 i\u00a0spotka\u0107 si\u0119\u00a0z\u00a0naszym pracownikiem w\u00a0dogodnym dla\u00a0siebie terminie. Od\u00a0stycznia 2026 roku rozszerzamy t\u0119 us\u0142ug\u0119 w\u00a0kolejnych plac\u00f3wkach. <\/strong><\/p>\n<p>Rezerwacja wizyt w\u00a0ZUS to\u00a0rozwi\u0105zanie dost\u0119pne od\u00a0ponad 10\u00a0lat. Cieszy si\u0119\u00a0ono\u00a0du\u017c\u0105 popularno\u015bci\u0105, a\u00a0liczba klient\u00f3w, kt\u00f3rzy z\u00a0wyprzedzeniem umawiaj\u0105 si\u0119\u00a0na\u00a0wizyty, stale ro\u015bnie. W\u00a0ten spos\u00f3b mo\u017cesz skorzysta\u0107 z\u00a0pomocy naszych specjalist\u00f3w bez\u00a0czekania w\u00a0kolejce.<\/p>\n<h2>Zalety rezerwacji wizyt w ZUS<\/h2>\n<p>Gdy zarezerwujesz wizyt\u0119 w\u00a0ZUS,\u00a0oszcz\u0119dzisz czas i\u00a0masz gwarancj\u0119 sprawnego za\u0142atwienia spraw, poniewa\u017c:<\/p>\n<ul>\n<li>sam wybierasz dogodny dla\u00a0siebie termin wizyty,<\/li>\n<li>z\u00a0wyprzedzeniem dowiesz si\u0119, jak\u00a0d\u0142ugo mo\u017ce potrwa\u0107 spotkanie,<\/li>\n<li>otrzymasz potwierdzenie o\u00a0terminie i\u00a0miejscu wizyty.<\/li>\n<\/ul>\n<p>Aby jak najlepiej zorganizowa\u0107 obs\u0142ug\u0119 klient\u00f3w w oparciu o wizyty zarezerwowane we wszystkich plac\u00f3wkach Zak\u0142adu, w kilku jednostkach w Polsce przeprowadzili\u015bmy \u00a0pilota\u017c \u00a0tego rozwi\u0105zania. Po\u00a0jego zako\u0144czeniu, klienci pozytywnie je ocenili, podkre\u015blaj\u0105c wygod\u0119 oraz komfort, kt\u00f3ry wynika z takiego kontaktu z\u00a0nami. W\u00a0oddzia\u0142ach, w kt\u00f3rych by\u0142 pilota\u017c tj. w\u00a0Poznaniu i\u00a0Wa\u0142brzychu ju\u017c ponad 90\u00a0procent klient\u00f3w przychodzi do\u00a0ZUS um\u00f3wiona.<\/p>\n<h2>Jak si\u0119 um\u00f3wi\u0107 na\u00a0wizyt\u0119 w\u00a0ZUS<\/h2>\n<p>Obecnie wizyt\u0119 stacjonarn\u0105 w\u00a0ZUS mo\u017cesz zarezerwowa\u0107:<\/p>\n<ul>\n<li>przez sw\u00f3j profil na\u00a0portalu us\u0142ug elektronicznych eZUS,<\/li>\n<li>telefonicznie w\u00a0najbli\u017cszym oddziale ZUS (numery s\u0105\u00a0podane na\u00a0stronie internetowej <a href=\"http:\/\/www.zus.pl\">zus.pl<\/a>),<\/li>\n<li>podczas wizyty w\u00a0plac\u00f3wce ZUS \u2013 np.\u00a0na\u00a0stanowisku Informacji og\u00f3lnej\/Dziennika podawczego lub na\u00a0stanowisku komputerowym dla klient\u00f3w.<\/li>\n<\/ul>\n<p>Je\u015bli wolisz kontakt przez internet to \u00a0mo\u017cesz r\u00f3wnie\u017c um\u00f3wi\u0107 si\u0119\u00a0na\u00a0e-wizyt\u0119, czyli wideorozmow\u0119 \u00a0z naszym pracownikiem. Mo\u017cesz to\u00a0zrobi\u0107:<\/p>\n<ul>\n<li>na\u00a0<a href=\"https:\/\/www.zus.pl\/e-wizyta\">stronie internetowej ZUS<\/a>,<\/li>\n<li>w\u00a0aplikacji mZUS,<\/li>\n<li>w\u00a0aplikacji mObywatel.<\/li>\n<\/ul>\n<h2>Co, je\u015bli wcze\u015bniej nie zarezerwujesz wizyty w ZUS<\/h2>\n<p>Rezerwacja wizyt w\u00a0ZUS nie ogranicza innych form kontaktu z\u00a0nami. Je\u015bli nie um\u00f3wisz si\u0119 na spotkanie w\u00a0naszej plac\u00f3wce, zawsze uzyskasz pomoc, ale b\u0119dziesz musia\u0142 zaczeka\u0107 na\u00a0obs\u0142ug\u0119.<\/p>\n","protected":false},"excerpt":{"rendered":"<p>Chcesz sprawnie za\u0142atwia\u0107 swoje sprawy w\u00a0ZUS? Mo\u017cesz wcze\u015bniej zarezerwowa\u0107 wizyt\u0119 i\u00a0spotka\u0107 si\u0119\u00a0z\u00a0naszym pracownikiem w\u00a0dogodnym dla\u00a0siebie terminie. Od\u00a0stycznia 2026 roku rozszerzamy t\u0119 us\u0142ug\u0119 w\u00a0kolejnych plac\u00f3wkach. Rezerwacja wizyt w\u00a0ZUS to\u00a0rozwi\u0105zanie dost\u0119pne od\u00a0ponad 10\u00a0lat. Cieszy si\u0119\u00a0ono\u00a0du\u017c\u0105 popularno\u015bci\u0105, a\u00a0liczba klient\u00f3w, kt\u00f3rzy z\u00a0wyprzedzeniem umawiaj\u0105 si\u0119\u00a0na\u00a0wizyty, stale ro\u015bnie. W\u00a0ten spos\u00f3b mo\u017cesz skorzysta\u0107 z\u00a0pomocy naszych specjalist\u00f3w bez\u00a0czekania w\u00a0kolejce. Zalety rezerwacji wizyt w [&hellip;]<\/p>\n","protected":false},"author":10015,"featured_media":11651,"comment_status":"closed","ping_status":"open","sticky":false,"template":"","format":"standard","meta":{"_et_pb_use_builder":"","_et_pb_old_content":"","_et_gb_content_width":"","cybocfi_hide_featured_image":"","footnotes":""},"categories":[99],"tags":[],"class_list":["post-11650","post","type-post","status-publish","format-standard","has-post-thumbnail","hentry","category-aktualnosci","high-contrast"],"_links":{"self":[{"href":"https:\/\/umtykocin.pl\/mieszkaniec\/wp-json\/wp\/v2\/posts\/11650","targetHints":{"allow":["GET"]}}],"collection":[{"href":"https:\/\/umtykocin.pl\/mieszkaniec\/wp-json\/wp\/v2\/posts"}],"about":[{"href":"https:\/\/umtykocin.pl\/mieszkaniec\/wp-json\/wp\/v2\/types\/post"}],"author":[{"embeddable":true,"href":"https:\/\/umtykocin.pl\/mieszkaniec\/wp-json\/wp\/v2\/users\/10015"}],"replies":[{"embeddable":true,"href":"https:\/\/umtykocin.pl\/mieszkaniec\/wp-json\/wp\/v2\/comments?post=11650"}],"version-history":[{"count":1,"href":"https:\/\/umtykocin.pl\/mieszkaniec\/wp-json\/wp\/v2\/posts\/11650\/revisions"}],"predecessor-version":[{"id":11652,"href":"https:\/\/umtykocin.pl\/mieszkaniec\/wp-json\/wp\/v2\/posts\/11650\/revisions\/11652"}],"wp:featuredmedia":[{"embeddable":true,"href":"https:\/\/umtykocin.pl\/mieszkaniec\/wp-json\/wp\/v2\/media\/11651"}],"wp:attachment":[{"href":"https:\/\/umtykocin.pl\/mieszkaniec\/wp-json\/wp\/v2\/media?parent=11650"}],"wp:term":[{"taxonomy":"category","embeddable":true,"href":"https:\/\/umtykocin.pl\/mieszkaniec\/wp-json\/wp\/v2\/categories?post=11650"},{"taxonomy":"post_tag","embeddable":true,"href":"https:\/\/umtykocin.pl\/mieszkaniec\/wp-json\/wp\/v2\/tags?post=11650"}],"curies":[{"name":"wp","href":"https:\/\/api.w.org\/{rel}","templated":true}]}}