{"id":11653,"date":"2026-02-16T08:09:36","date_gmt":"2026-02-16T07:09:36","guid":{"rendered":"https:\/\/umtykocin.pl\/mieszkaniec\/?p=11653"},"modified":"2026-02-16T08:09:36","modified_gmt":"2026-02-16T07:09:36","slug":"dostepnosc-to-nowe-mozliwosci-dyrektywa-eaa-szkolenia-i-doradztwo-dla-przedsiebiorstw","status":"publish","type":"post","link":"https:\/\/umtykocin.pl\/mieszkaniec\/dostepnosc-to-nowe-mozliwosci-dyrektywa-eaa-szkolenia-i-doradztwo-dla-przedsiebiorstw\/","title":{"rendered":"DOST\u0118PNO\u015a\u0106 TO NOWE MO\u017bLIWO\u015aCI \u201eDyrektywa EAA &#8211; szkolenia i doradztwo dla przedsi\u0119biorstw\u201d"},"content":{"rendered":"<p>DOST\u0118PNO\u015a\u0106 TO NOWE MO\u017bLIWO\u015aCI \u201eDyrektywa EAA &#8211; szkolenia i doradztwo dla przedsi\u0119biorstw\u201d Instytut ADN sp. z o.o., sp.k. i Stowarzyszenie M\u0142odych Lubuszan<\/p>\n<p>Zapraszaj\u0105 na spotkanie informacyjne 25 lutego 2026 r., godz. 13:30<br \/>\nDo\u0142\u0105cz do spotkania<br \/>\nIdentyfikator spotkania: 350 164 009 143 87<br \/>\nKod dost\u0119pu: Mz3uk3Ur<\/p>\n<p>Na spotkaniu dowiesz si\u0119:<br \/>\n1. Jak krok po kroku zg\u0142osi\u0107 si\u0119 do projektu i jakie warunki nale\u017cy spe\u0142ni\u0107.<br \/>\n2. W jaki spos\u00f3b realizujemy szkolenia i doradztwo \u2013 poznasz formy wsparcia i harmonogram dzia\u0142a\u0144.<br \/>\n3. Jakie konkretne korzy\u015bci zyska Twoja firma uczestnicz\u0105c w projekcie.<br \/>\n4. Jak efektywnie wykorzysta\u0107 udzia\u0142 w projekcie, aby realnie wzmocni\u0107 potencja\u0142 i rozw\u00f3j Twojej organizacji.<\/p>\n<p>Polski Akt o Dost\u0119pno\u015bci \u2013 Dost\u0119pno\u015b\u0107 gwarantuje sukces! Projekt skierowany jest do firm obj\u0119tych wymogami PAD oraz do przedsi\u0119biorstw, kt\u00f3re planuj\u0105 dzia\u0142ania gospodarcze obj\u0119te obowi\u0105zkiem stosowania ustawy.<br \/>\nWspieramy Przedsi\u0119biorstwa w zakresie wdra\u017cania PAD<br \/>\nUDZIA\u0141 W PROJEKCIE JEST BEZP\u0141ATNY<br \/>\nZapraszamy do kontaktu: +48 22 162 79 60, +48 452 444 043<br \/>\nwww.dyrektywaeaa.adninstytut.pl dyrektywaeaa@adn<\/p>\n","protected":false},"excerpt":{"rendered":"<p>DOST\u0118PNO\u015a\u0106 TO NOWE MO\u017bLIWO\u015aCI \u201eDyrektywa EAA &#8211; szkolenia i doradztwo dla przedsi\u0119biorstw\u201d Instytut ADN sp. z o.o., sp.k. i Stowarzyszenie M\u0142odych Lubuszan Zapraszaj\u0105 na spotkanie informacyjne 25 lutego 2026 r., godz. 13:30 Do\u0142\u0105cz do spotkania Identyfikator spotkania: 350 164 009 143 87 Kod dost\u0119pu: Mz3uk3Ur Na spotkaniu dowiesz si\u0119: 1. Jak krok po kroku zg\u0142osi\u0107 [&hellip;]<\/p>\n","protected":false},"author":10015,"featured_media":11654,"comment_status":"closed","ping_status":"open","sticky":false,"template":"","format":"standard","meta":{"_et_pb_use_builder":"","_et_pb_old_content":"","_et_gb_content_width":"","cybocfi_hide_featured_image":"","footnotes":""},"categories":[99],"tags":[],"class_list":["post-11653","post","type-post","status-publish","format-standard","has-post-thumbnail","hentry","category-aktualnosci","high-contrast"],"_links":{"self":[{"href":"https:\/\/umtykocin.pl\/mieszkaniec\/wp-json\/wp\/v2\/posts\/11653","targetHints":{"allow":["GET"]}}],"collection":[{"href":"https:\/\/umtykocin.pl\/mieszkaniec\/wp-json\/wp\/v2\/posts"}],"about":[{"href":"https:\/\/umtykocin.pl\/mieszkaniec\/wp-json\/wp\/v2\/types\/post"}],"author":[{"embeddable":true,"href":"https:\/\/umtykocin.pl\/mieszkaniec\/wp-json\/wp\/v2\/users\/10015"}],"replies":[{"embeddable":true,"href":"https:\/\/umtykocin.pl\/mieszkaniec\/wp-json\/wp\/v2\/comments?post=11653"}],"version-history":[{"count":1,"href":"https:\/\/umtykocin.pl\/mieszkaniec\/wp-json\/wp\/v2\/posts\/11653\/revisions"}],"predecessor-version":[{"id":11655,"href":"https:\/\/umtykocin.pl\/mieszkaniec\/wp-json\/wp\/v2\/posts\/11653\/revisions\/11655"}],"wp:featuredmedia":[{"embeddable":true,"href":"https:\/\/umtykocin.pl\/mieszkaniec\/wp-json\/wp\/v2\/media\/11654"}],"wp:attachment":[{"href":"https:\/\/umtykocin.pl\/mieszkaniec\/wp-json\/wp\/v2\/media?parent=11653"}],"wp:term":[{"taxonomy":"category","embeddable":true,"href":"https:\/\/umtykocin.pl\/mieszkaniec\/wp-json\/wp\/v2\/categories?post=11653"},{"taxonomy":"post_tag","embeddable":true,"href":"https:\/\/umtykocin.pl\/mieszkaniec\/wp-json\/wp\/v2\/tags?post=11653"}],"curies":[{"name":"wp","href":"https:\/\/api.w.org\/{rel}","templated":true}]}}