{"id":11668,"date":"2026-02-18T09:16:15","date_gmt":"2026-02-18T08:16:15","guid":{"rendered":"https:\/\/umtykocin.pl\/mieszkaniec\/?p=11668"},"modified":"2026-02-18T09:16:15","modified_gmt":"2026-02-18T08:16:15","slug":"akcja-masz-glos-edycja-2026","status":"publish","type":"post","link":"https:\/\/umtykocin.pl\/mieszkaniec\/akcja-masz-glos-edycja-2026\/","title":{"rendered":"Akcja Masz G\u0142os &#8211; edycja 2026"},"content":{"rendered":"<p>Ruszy\u0142y zapisy do akcji Masz G\u0142os \u2013 edycja 2026<br \/>\nOd 16 lutego do 1 marca trwaj\u0105 zapisy do og\u00f3lnopolskiej akcji Masz G\u0142os prowadzonej przez Fundacj\u0119 im. Stefana Batorego. Liczba miejsc jest ograniczona.<\/p>\n<p>W tej edycji akcja wspiera tworzenie i o\u017cywianie miejsc wsp\u00f3lnych \u2013 przestrzeni, kt\u00f3re buduj\u0105 relacje, zaufanie i odporno\u015b\u0107 spo\u0142eczn\u0105. Zaproszenie skierowane jest do grup, kt\u00f3re chc\u0105:<br \/>\n\u2022 stworzy\u0107 miejsce wsp\u00f3lne od podstaw,<br \/>\n\u2022 o\u017cywi\u0107 lub zmieni\u0107 spos\u00f3b dzia\u0142ania ju\u017c istniej\u0105cej przestrzeni,<br \/>\n\u2022 nada\u0107 nowy sens miejscom \u201epod chmurk\u0105\u201d \u2013 na osiedlu, w centrum wsi lub dzielnicy.<\/p>\n<p>Kto mo\u017ce si\u0119 zg\u0142osi\u0107?<br \/>\nOrganizacje spo\u0142eczne i grupy nieformalne, so\u0142ectwa, ko\u0142a gospody\u0144 wiejskich, ochotnicze stra\u017ce po\u017carne, rady m\u0142odzie\u017cowe i senioralne, biblioteki, domy kultury oraz wszystkie osoby i grupy, kt\u00f3re chc\u0105 tworzy\u0107 przestrze\u0144 do spotka\u0144 w swojej okolicy. Program jest og\u00f3lnopolski \u2013 nie ma znaczenia, czy zg\u0142aszaj\u0105cy si\u0119 s\u0105 z du\u017cego miasta, czy niewielkiej wsi.<br \/>\nUczestnicy otrzymaj\u0105 m.in.:<br \/>\n\u2022 indywidualne wsparcie koordynator\u00f3w,<br \/>\n\u2022 pomoc w anga\u017cowaniu mieszka\u0144c\u00f3w i budowaniu partnerstw (z samorz\u0105dem, instytucjami, lokalnym biznesem),<br \/>\n\u2022 udzia\u0142 w szkoleniach, wizytach studyjnych i og\u00f3lnopolskim zje\u017adzie,<br \/>\n\u2022 mo\u017cliwo\u015b\u0107 organizacji lokalnej debaty samorz\u0105dowej,<br \/>\n\u2022 wsparcie eksperckie w dzia\u0142aniach rzeczniczych.<br \/>\nUdzia\u0142 w programie jest bezp\u0142atny.<br \/>\nZg\u0142oszenia przez formularz: https:\/\/bit.ly\/Formularz_edycja2026<br \/>\n__<br \/>\nWi\u0119cej informacji o programie: www.maszglos.pl<br \/>\nWebinarium informacyjne 18 lutego o godz. 19:00: www.maszglos.pl\/aktualnosci\/zapraszamy-na-webinarium-o-nowe-edycji-masz-glos<\/p>\n","protected":false},"excerpt":{"rendered":"<p>Ruszy\u0142y zapisy do akcji Masz G\u0142os \u2013 edycja 2026 Od 16 lutego do 1 marca trwaj\u0105 zapisy do og\u00f3lnopolskiej akcji Masz G\u0142os prowadzonej przez Fundacj\u0119 im. Stefana Batorego. Liczba miejsc jest ograniczona. W tej edycji akcja wspiera tworzenie i o\u017cywianie miejsc wsp\u00f3lnych \u2013 przestrzeni, kt\u00f3re buduj\u0105 relacje, zaufanie i odporno\u015b\u0107 spo\u0142eczn\u0105. Zaproszenie skierowane jest do [&hellip;]<\/p>\n","protected":false},"author":10015,"featured_media":11669,"comment_status":"closed","ping_status":"open","sticky":false,"template":"","format":"standard","meta":{"_et_pb_use_builder":"","_et_pb_old_content":"","_et_gb_content_width":"","cybocfi_hide_featured_image":"","footnotes":""},"categories":[99],"tags":[],"class_list":["post-11668","post","type-post","status-publish","format-standard","has-post-thumbnail","hentry","category-aktualnosci","high-contrast"],"_links":{"self":[{"href":"https:\/\/umtykocin.pl\/mieszkaniec\/wp-json\/wp\/v2\/posts\/11668","targetHints":{"allow":["GET"]}}],"collection":[{"href":"https:\/\/umtykocin.pl\/mieszkaniec\/wp-json\/wp\/v2\/posts"}],"about":[{"href":"https:\/\/umtykocin.pl\/mieszkaniec\/wp-json\/wp\/v2\/types\/post"}],"author":[{"embeddable":true,"href":"https:\/\/umtykocin.pl\/mieszkaniec\/wp-json\/wp\/v2\/users\/10015"}],"replies":[{"embeddable":true,"href":"https:\/\/umtykocin.pl\/mieszkaniec\/wp-json\/wp\/v2\/comments?post=11668"}],"version-history":[{"count":1,"href":"https:\/\/umtykocin.pl\/mieszkaniec\/wp-json\/wp\/v2\/posts\/11668\/revisions"}],"predecessor-version":[{"id":11670,"href":"https:\/\/umtykocin.pl\/mieszkaniec\/wp-json\/wp\/v2\/posts\/11668\/revisions\/11670"}],"wp:featuredmedia":[{"embeddable":true,"href":"https:\/\/umtykocin.pl\/mieszkaniec\/wp-json\/wp\/v2\/media\/11669"}],"wp:attachment":[{"href":"https:\/\/umtykocin.pl\/mieszkaniec\/wp-json\/wp\/v2\/media?parent=11668"}],"wp:term":[{"taxonomy":"category","embeddable":true,"href":"https:\/\/umtykocin.pl\/mieszkaniec\/wp-json\/wp\/v2\/categories?post=11668"},{"taxonomy":"post_tag","embeddable":true,"href":"https:\/\/umtykocin.pl\/mieszkaniec\/wp-json\/wp\/v2\/tags?post=11668"}],"curies":[{"name":"wp","href":"https:\/\/api.w.org\/{rel}","templated":true}]}}