{"id":11673,"date":"2026-02-19T07:44:25","date_gmt":"2026-02-19T06:44:25","guid":{"rendered":"https:\/\/umtykocin.pl\/mieszkaniec\/?p=11673"},"modified":"2026-02-19T07:44:52","modified_gmt":"2026-02-19T06:44:52","slug":"dofinansowane-indywidualne-wyjazdy-targowe-w-charakterze-wystawcy-iv-runda","status":"publish","type":"post","link":"https:\/\/umtykocin.pl\/mieszkaniec\/dofinansowane-indywidualne-wyjazdy-targowe-w-charakterze-wystawcy-iv-runda\/","title":{"rendered":"Dofinansowane indywidualne wyjazdy targowe w charakterze wystawcy \u2013 IV runda"},"content":{"rendered":"<div class=\"et_pb_column et_pb_column_4_4 et_pb_column_2_tb_body et_pb_css_mix_blend_mode_passthrough et-last-child\">\n<div class=\"et_pb_module et_pb_post_content et_pb_post_content_0_tb_body\">\n<div class=\"et-l et-l--post\">\n<div class=\"et_builder_inner_content et_pb_gutters3\">\n<div class=\"et_pb_section et_pb_section_0 et_section_regular\">\n<div class=\"et_pb_row et_pb_row_2\">\n<div class=\"et_pb_column et_pb_column_4_4 et_pb_column_0 et_pb_css_mix_blend_mode_passthrough et-last-child\">\n<div class=\"et_pb_module et_pb_text et_pb_text_1 et_pb_text_align_left et_pb_bg_layout_light\">\n<div class=\"et_pb_text_inner\">\n<p><a role=\"link\" href=\"https:\/\/pfrr.pl\/\"><strong>Podlaska Fundacja Rozwoju Regionalnego<\/strong><\/a><strong>\u00a0<\/strong>z siedzib\u0105 w Bia\u0142ymstoku og\u0142asza IV rund\u0119 naboru wniosk\u00f3w o udzielenie podlaskim M\u015aP wsparcia na udzia\u0142 w indywidualnych wyjazdach targowych w charakterze wystawcy organizowanych przez PFRR w ramach Projektu <a role=\"link\" href=\"https:\/\/centrumeksportera.pl\/\"><strong>Promocja gospodarcza M\u015aP \u2013 Podlaskie Centrum Eksportera<\/strong><\/a><strong>.<\/strong><\/p>\n<\/div>\n<\/div>\n<div class=\"et_pb_module et_pb_text et_pb_text_3 et_pb_text_align_left et_pb_bg_layout_light\">\n<div class=\"et_pb_text_inner\">\n<p>Przedmiotem naboru jest wyb\u00f3r Uczestnik\u00f3w wsparcia, tj. podlaskich przedsi\u0119biorstw z sektora M\u015aP, kt\u00f3rych udzia\u0142 w indywidualnych wyjazdach na mi\u0119dzynarodowe targi zagraniczne w charakterze wystawcy przyczyni si\u0119 do osi\u0105gni\u0119cia celu Projektu \u201ePromocja gospodarcza M\u015aP \u2013 Podlaskie Centrum Eksportera\u201d, kt\u00f3rym jest <strong>wspieranie\u00a0rozwoju eksportu i umi\u0119dzynarodowienia podlaskich firm z sektora M\u015aP, podniesienia konkurencji wytwarzanych przez nie produkt\u00f3w i us\u0142ug oraz rozwoju gospodarczej sieci wsp\u00f3\u0142pracy<\/strong>.<\/p>\n<p>Wsparcie b\u0119dzie udzielane <strong>na udzia\u0142 podlaskich M\u015aP w indywidualnych wyjazdach targowych<\/strong>, na wybrane przez Wnioskodawc\u0119 mi\u0119dzynarodowe targi zagraniczne w charakterze wystawcy w celu promocji produktu\/us\u0142ugi na <strong>nowym<\/strong> rynku zagranicznym.<\/p>\n<p>Wydarzenie targowe, wskazane przez Wnioskodawc\u0119 we wniosku, musi odby\u0107 si\u0119 <strong>nie wcze\u015bniej ni\u017c 1 pa\u017adziernika 2026 i nie p\u00f3\u017aniej ni\u017c 31 grudnia 2027 r<\/strong>.<\/p>\n<p>Wyjazd targowy zostanie zorganizowany przez Podlask\u0105 Fundacj\u0119 Rozwoju Regionalnego za po\u015brednictwem Wykonawcy us\u0142ugi kompleksowej organizacji indywidulnego wyjazdu targowego, kt\u00f3ry zostanie wybrany w wyniku zapytania ofertowego, upublicznionego w Bazie Konkurencyjno\u015bci (BK2021).<\/p>\n<p><strong>Kosztami kwalifikowalnymi<\/strong> s\u0105 koszty zwi\u0105zane z bezpo\u015bredni\u0105 realizacj\u0105 dzia\u0142ania o charakterze promocji gospodarczej, wyszczeg\u00f3lnione w katalogu wydatk\u00f3w kwalifikowalnych (pkt. 6.2. Regulaminu).<\/p>\n<p>Wniosek musi zawiera\u0107 (jest to <strong>warunek obligatoryjny<\/strong>) koszty zaprojektowania i wykonania stoiska wystawowego <strong>lub <\/strong>koszty wynajmu stoiska wystawowego, kt\u00f3re b\u0119dzie promowa\u0142o produkty\/us\u0142ugi Wnioskodawcy podczas wydarzenia targowego.<\/p>\n<\/div>\n<\/div>\n<div class=\"et_pb_module et_pb_text et_pb_text_5 et_pb_text_align_left et_pb_bg_layout_light\">\n<div class=\"et_pb_text_inner\">\n<p>Dofinansowanie koszt\u00f3w udzia\u0142u jednego przedsi\u0119biorstwa M\u015aP w indywidualnym wyje\u017adzie targowym nie mo\u017ce przekroczy\u0107 kwoty <strong>85 000,00 PLN <\/strong>oraz <strong>65% <\/strong>koszt\u00f3w kwalifikowanych, o kt\u00f3rym mowa powy\u017cej.<\/p>\n<div class=\"et_pb_module et_pb_text et_pb_text_9  et_pb_text_align_left et_pb_bg_layout_light\">\n<div class=\"et_pb_text_inner\">\n<p>Runda IV \u2013 <strong>od 16.02.2026 r. (od godz. 09:00) do 06.03.2026 r. (do godz. 16:00) <\/strong>jednak nie p\u00f3\u017aniej ni\u017c do dnia, w kt\u00f3rym \u0142\u0105czna warto\u015b\u0107 dofinansowania wynikaj\u0105ca ze z\u0142o\u017conych wniosk\u00f3w przekroczy kwot\u0119 5 055 328,36 PLN.<\/p>\n<p>Wniosek w formacie pdf wraz z wymaganymi za\u0142\u0105cznikami nale\u017cy z\u0142o\u017cy\u0107 <strong>wy\u0142\u0105cznie w wersji elektronicznej<\/strong> poprzez formularz sk\u0142adania wniosku dost\u0119pny na dole strony w terminie trwania naboru.<\/p>\n<\/div>\n<\/div>\n<\/div>\n<\/div>\n<\/div>\n<\/div>\n<\/div>\n<\/div>\n<\/div>\n<\/div>\n<\/div>\n<p>Link do og\u0142oszenia: <a href=\"https:\/\/centrumeksportera.pl\/aktualnosci\/dofinansowane-indywidualne-wyjazdy-targowe-w-charakterze-wystawcy-iv-runda\/\">https:\/\/centrumeksportera.pl\/aktualnosci\/dofinansowane-indywidualne-wyjazdy-targowe-w-charakterze-wystawcy-iv-runda\/<\/a><\/p>\n<p>Informacja na FB: <a href=\"https:\/\/www.facebook.com\/podlaskie.centrum.eksportera\/posts\/pfbid031CJx398aQ5s69XGtSACHSHPHKcdqMAJFdUupzc6VCqqL3VMrjy18QrDrPycPghigl\">https:\/\/www.facebook.com\/podlaskie.centrum.eksportera\/posts\/pfbid031CJx398aQ5s69XGtSACHSHPHKcdqMAJFdUupzc6VCqqL3VMrjy18QrDrPycPghigl<\/a><\/p>\n<p>Informacja na Linkedin: <a href=\"https:\/\/www.linkedin.com\/feed\/update\/urn:li:activity:7429083499065831424\">https:\/\/www.linkedin.com\/feed\/update\/urn:li:activity:7429083499065831424<\/a><\/p>\n","protected":false},"excerpt":{"rendered":"<p>Podlaska Fundacja Rozwoju Regionalnego\u00a0z siedzib\u0105 w Bia\u0142ymstoku og\u0142asza IV rund\u0119 naboru wniosk\u00f3w o udzielenie podlaskim M\u015aP wsparcia na udzia\u0142 w indywidualnych wyjazdach targowych w charakterze wystawcy organizowanych przez PFRR w ramach Projektu Promocja gospodarcza M\u015aP \u2013 Podlaskie Centrum Eksportera. Przedmiotem naboru jest wyb\u00f3r Uczestnik\u00f3w wsparcia, tj. podlaskich przedsi\u0119biorstw z sektora M\u015aP, kt\u00f3rych udzia\u0142 w indywidualnych [&hellip;]<\/p>\n","protected":false},"author":10015,"featured_media":11674,"comment_status":"closed","ping_status":"open","sticky":false,"template":"","format":"standard","meta":{"_et_pb_use_builder":"","_et_pb_old_content":"","_et_gb_content_width":"","cybocfi_hide_featured_image":"","footnotes":""},"categories":[99],"tags":[],"class_list":["post-11673","post","type-post","status-publish","format-standard","has-post-thumbnail","hentry","category-aktualnosci","high-contrast"],"_links":{"self":[{"href":"https:\/\/umtykocin.pl\/mieszkaniec\/wp-json\/wp\/v2\/posts\/11673","targetHints":{"allow":["GET"]}}],"collection":[{"href":"https:\/\/umtykocin.pl\/mieszkaniec\/wp-json\/wp\/v2\/posts"}],"about":[{"href":"https:\/\/umtykocin.pl\/mieszkaniec\/wp-json\/wp\/v2\/types\/post"}],"author":[{"embeddable":true,"href":"https:\/\/umtykocin.pl\/mieszkaniec\/wp-json\/wp\/v2\/users\/10015"}],"replies":[{"embeddable":true,"href":"https:\/\/umtykocin.pl\/mieszkaniec\/wp-json\/wp\/v2\/comments?post=11673"}],"version-history":[{"count":2,"href":"https:\/\/umtykocin.pl\/mieszkaniec\/wp-json\/wp\/v2\/posts\/11673\/revisions"}],"predecessor-version":[{"id":11676,"href":"https:\/\/umtykocin.pl\/mieszkaniec\/wp-json\/wp\/v2\/posts\/11673\/revisions\/11676"}],"wp:featuredmedia":[{"embeddable":true,"href":"https:\/\/umtykocin.pl\/mieszkaniec\/wp-json\/wp\/v2\/media\/11674"}],"wp:attachment":[{"href":"https:\/\/umtykocin.pl\/mieszkaniec\/wp-json\/wp\/v2\/media?parent=11673"}],"wp:term":[{"taxonomy":"category","embeddable":true,"href":"https:\/\/umtykocin.pl\/mieszkaniec\/wp-json\/wp\/v2\/categories?post=11673"},{"taxonomy":"post_tag","embeddable":true,"href":"https:\/\/umtykocin.pl\/mieszkaniec\/wp-json\/wp\/v2\/tags?post=11673"}],"curies":[{"name":"wp","href":"https:\/\/api.w.org\/{rel}","templated":true}]}}