{"id":1752,"date":"2019-11-07T09:06:06","date_gmt":"2019-11-07T08:06:06","guid":{"rendered":"http:\/\/umtykocin.pl\/mieszkaniec\/?p=1752"},"modified":"2019-12-07T20:47:17","modified_gmt":"2019-12-07T19:47:17","slug":"nowe-zasady-gospodarowania-odpadami-komunalnymi-gmina-tykocin","status":"publish","type":"post","link":"https:\/\/umtykocin.pl\/mieszkaniec\/nowe-zasady-gospodarowania-odpadami-komunalnymi-gmina-tykocin\/","title":{"rendered":"Nowe zasady gospodarowania odpadami komunalnymi &#8211; gmina Tykocin"},"content":{"rendered":"<p align=\"justify\"><span style=\"color: #000000\"><span style=\"font-family: Times New Roman, serif\"><span style=\"font-size: x-large\">Od 1 stycznia 2020 r. na terenie gminy<\/span><\/span><\/span><span style=\"color: #222222\"><span style=\"font-family: Times New Roman, serif\"><span style=\"font-size: x-large\">\u00a0<\/span><\/span><\/span><span style=\"color: #222222\"><span style=\"font-family: Times New Roman, serif\"><span style=\"font-size: x-large\">Tykocin b\u0119d\u0105 obowi\u0105zywa\u0107 nowe zasady gospodarki odpadami komunalnymi. Zmiany zwi\u0105zane s\u0105 z nowelizacj\u0105 ustawy o utrzymaniu czysto\u015bci i porz\u0105dku w gminach, kt\u00f3ra z pocz\u0105tkiem nowego roku nak\u0142ada na wszystkich w\u0142a\u015bcicieli nieruchomo\u015bci obowi\u0105zek segregacji odpad\u00f3w. Oznacza to, \u017ce\u00a0<\/span><\/span><\/span><strong><span style=\"color: #222222\"><span style=\"font-family: Times New Roman, serif\"><span style=\"font-size: x-large\"> wszyscy w\u0142a\u015bciciele nieruchomo\u015bci, kt\u00f3rzy maj\u0105 zadeklarowan\u0105 nieselektywn\u0105 zbi\u00f3rk\u0119 odpad\u00f3w, s\u0105 zobowi\u0105zani z\u0142o\u017cy\u0107 nowe deklaracje do Urz\u0119du Miejskiego w terminie do 31 grudnia 2019 r<\/span><\/span><\/span><\/strong><strong><span style=\"color: #000000\"><span style=\"font-family: Times New Roman, serif\"><span style=\"font-size: x-large\">.<\/span><\/span><\/span><\/strong><\/p>\n","protected":false},"excerpt":{"rendered":"<p>Od 1 stycznia 2020 r. na terenie gminy\u00a0Tykocin b\u0119d\u0105 obowi\u0105zywa\u0107 nowe zasady gospodarki odpadami komunalnymi. Zmiany zwi\u0105zane s\u0105 z nowelizacj\u0105 ustawy o utrzymaniu czysto\u015bci i porz\u0105dku w gminach, kt\u00f3ra z pocz\u0105tkiem nowego roku nak\u0142ada na wszystkich w\u0142a\u015bcicieli nieruchomo\u015bci obowi\u0105zek segregacji odpad\u00f3w. Oznacza to, \u017ce\u00a0 wszyscy w\u0142a\u015bciciele nieruchomo\u015bci, kt\u00f3rzy maj\u0105 zadeklarowan\u0105 nieselektywn\u0105 zbi\u00f3rk\u0119 odpad\u00f3w, s\u0105 zobowi\u0105zani [&hellip;]<\/p>\n","protected":false},"author":1,"featured_media":1753,"comment_status":"closed","ping_status":"open","sticky":false,"template":"","format":"standard","meta":{"_et_pb_use_builder":"","_et_pb_old_content":"","_et_gb_content_width":"","cybocfi_hide_featured_image":"","footnotes":""},"categories":[99,165],"tags":[145],"class_list":["post-1752","post","type-post","status-publish","format-standard","has-post-thumbnail","hentry","category-aktualnosci","category-gospodarka-odpadami-komunalnymi","tag-nowe-zasady-gospodarowania-odpadami-komunalnymi","high-contrast"],"_links":{"self":[{"href":"https:\/\/umtykocin.pl\/mieszkaniec\/wp-json\/wp\/v2\/posts\/1752","targetHints":{"allow":["GET"]}}],"collection":[{"href":"https:\/\/umtykocin.pl\/mieszkaniec\/wp-json\/wp\/v2\/posts"}],"about":[{"href":"https:\/\/umtykocin.pl\/mieszkaniec\/wp-json\/wp\/v2\/types\/post"}],"author":[{"embeddable":true,"href":"https:\/\/umtykocin.pl\/mieszkaniec\/wp-json\/wp\/v2\/users\/1"}],"replies":[{"embeddable":true,"href":"https:\/\/umtykocin.pl\/mieszkaniec\/wp-json\/wp\/v2\/comments?post=1752"}],"version-history":[{"count":5,"href":"https:\/\/umtykocin.pl\/mieszkaniec\/wp-json\/wp\/v2\/posts\/1752\/revisions"}],"predecessor-version":[{"id":1843,"href":"https:\/\/umtykocin.pl\/mieszkaniec\/wp-json\/wp\/v2\/posts\/1752\/revisions\/1843"}],"wp:featuredmedia":[{"embeddable":true,"href":"https:\/\/umtykocin.pl\/mieszkaniec\/wp-json\/wp\/v2\/media\/1753"}],"wp:attachment":[{"href":"https:\/\/umtykocin.pl\/mieszkaniec\/wp-json\/wp\/v2\/media?parent=1752"}],"wp:term":[{"taxonomy":"category","embeddable":true,"href":"https:\/\/umtykocin.pl\/mieszkaniec\/wp-json\/wp\/v2\/categories?post=1752"},{"taxonomy":"post_tag","embeddable":true,"href":"https:\/\/umtykocin.pl\/mieszkaniec\/wp-json\/wp\/v2\/tags?post=1752"}],"curies":[{"name":"wp","href":"https:\/\/api.w.org\/{rel}","templated":true}]}}