{"id":1787,"date":"2019-11-25T12:13:41","date_gmt":"2019-11-25T11:13:41","guid":{"rendered":"http:\/\/umtykocin.pl\/mieszkaniec\/?p=1787"},"modified":"2019-12-07T20:46:50","modified_gmt":"2019-12-07T19:46:50","slug":"nieodplatne-przyjmowanie-odpadow-rolniczych-firma-hermes-recycling-sp-z-o-o","status":"publish","type":"post","link":"https:\/\/umtykocin.pl\/mieszkaniec\/nieodplatne-przyjmowanie-odpadow-rolniczych-firma-hermes-recycling-sp-z-o-o\/","title":{"rendered":"Nieodp\u0142atne przyjmowanie odpad\u00f3w rolniczych &#8211; Firma Hermes Recycling Sp. z o.o"},"content":{"rendered":"<p align=\"justify\"><strong><span style=\"font-size: xx-large\">Firma Hermes Recycling Sp. z o.o., Barszcz\u00f3wka 37, 18-106 Turo\u015b\u0144 Ko\u015bcielna przyjmuje bez op\u0142at odpady rolnicze: foli\u0119 bia\u0142\u0105 LDPE, LLDPE, foli\u0119 bia\u0142o-czarn\u0105 oraz sznurki PP.<\/span><\/strong><\/p>\n<p>&nbsp;<\/p>\n<p>&nbsp;<\/p>\n","protected":false},"excerpt":{"rendered":"<p>Firma Hermes Recycling Sp. z o.o., Barszcz\u00f3wka 37, 18-106 Turo\u015b\u0144 Ko\u015bcielna przyjmuje bez op\u0142at odpady rolnicze: foli\u0119 bia\u0142\u0105 LDPE, LLDPE, foli\u0119 bia\u0142o-czarn\u0105 oraz sznurki PP. &nbsp; &nbsp;<\/p>\n","protected":false},"author":1,"featured_media":1788,"comment_status":"closed","ping_status":"open","sticky":false,"template":"","format":"standard","meta":{"_et_pb_use_builder":"","_et_pb_old_content":"","_et_gb_content_width":"","cybocfi_hide_featured_image":"","footnotes":""},"categories":[99,165],"tags":[167],"class_list":["post-1787","post","type-post","status-publish","format-standard","has-post-thumbnail","hentry","category-aktualnosci","category-gospodarka-odpadami-komunalnymi","tag-nieodplatne-przyjmowanie-odpadow-rolniczych-firma-hermes-recycling-sp-z-o-o","high-contrast"],"_links":{"self":[{"href":"https:\/\/umtykocin.pl\/mieszkaniec\/wp-json\/wp\/v2\/posts\/1787","targetHints":{"allow":["GET"]}}],"collection":[{"href":"https:\/\/umtykocin.pl\/mieszkaniec\/wp-json\/wp\/v2\/posts"}],"about":[{"href":"https:\/\/umtykocin.pl\/mieszkaniec\/wp-json\/wp\/v2\/types\/post"}],"author":[{"embeddable":true,"href":"https:\/\/umtykocin.pl\/mieszkaniec\/wp-json\/wp\/v2\/users\/1"}],"replies":[{"embeddable":true,"href":"https:\/\/umtykocin.pl\/mieszkaniec\/wp-json\/wp\/v2\/comments?post=1787"}],"version-history":[{"count":10,"href":"https:\/\/umtykocin.pl\/mieszkaniec\/wp-json\/wp\/v2\/posts\/1787\/revisions"}],"predecessor-version":[{"id":4189,"href":"https:\/\/umtykocin.pl\/mieszkaniec\/wp-json\/wp\/v2\/posts\/1787\/revisions\/4189"}],"wp:featuredmedia":[{"embeddable":true,"href":"https:\/\/umtykocin.pl\/mieszkaniec\/wp-json\/wp\/v2\/media\/1788"}],"wp:attachment":[{"href":"https:\/\/umtykocin.pl\/mieszkaniec\/wp-json\/wp\/v2\/media?parent=1787"}],"wp:term":[{"taxonomy":"category","embeddable":true,"href":"https:\/\/umtykocin.pl\/mieszkaniec\/wp-json\/wp\/v2\/categories?post=1787"},{"taxonomy":"post_tag","embeddable":true,"href":"https:\/\/umtykocin.pl\/mieszkaniec\/wp-json\/wp\/v2\/tags?post=1787"}],"curies":[{"name":"wp","href":"https:\/\/api.w.org\/{rel}","templated":true}]}}