{"id":2007,"date":"2020-01-13T12:56:39","date_gmt":"2020-01-13T11:56:39","guid":{"rendered":"http:\/\/umtykocin.pl\/mieszkaniec\/?p=2007"},"modified":"2020-01-13T12:56:39","modified_gmt":"2020-01-13T11:56:39","slug":"segregacja-odpadow-na-cmentarzu-w-tykocinie","status":"publish","type":"post","link":"https:\/\/umtykocin.pl\/mieszkaniec\/segregacja-odpadow-na-cmentarzu-w-tykocinie\/","title":{"rendered":"Segregacja odpad\u00f3w na cmentarzu w Tykocinie"},"content":{"rendered":"<p align=\"center\"><span style=\"color: #1c1e21\"><span style=\"font-family: Times New Roman, serif\"><span style=\"font-size: xx-large\"><b>Uwaga!<\/b><\/span><\/span><\/span><\/p>\n<p align=\"left\"><span style=\"color: #1c1e21\"><span style=\"font-family: Times New Roman, serif\"><span style=\"font-size: large\"><br \/>\nGeneralna zasada segregacji odpad\u00f3w na cmentarzach polega na segregowaniu na 2 frakcje:<\/span><\/span><\/span><\/p>\n<p align=\"justify\"><span style=\"color: #1c1e21\"><span style=\"font-family: Times New Roman, serif\"><span style=\"font-size: large\"><b>1. Odpad biodegradowalny<\/b> &#8211; kwiaty bez doniczek i bez ziemi (otrzepane korzenie), wie\u0144ce i wi\u0105zanki bez plastikowych wstawek, szarf, drut\u00f3w itp. &#8211; jest to wym\u00f3g przyj\u0119cia odpad\u00f3w biodegradowalnych do zagospodarowania (najcz\u0119\u015bciej kompostowanie) przez uprawnion\u0105 instalacj\u0119.<br \/>\n<b>2. Pozosta\u0142e odpady<\/b> &#8211; tzw. odpady zmieszane. Wszystko co nie jest odpadem biodegradowalnym jest na cmentarzu odpadem zmieszanym.<br \/>\nSegregowanie odpad\u00f3w na cmentarzu na szk\u0142o (ze zniczy) i plastik (ze zniczy) jest pozbawione sensu z powodu zabrudzenia pozosta\u0142o\u015bciami wosku ze \u015bwiec. Odpady te nie nadaj\u0105 si\u0119 do powt\u00f3rnego przetworzenia i niestety nie podlegaj\u0105 zbi\u00f3rce selektywnej. Plastikowe kwiaty r\u00f3wnie\u017c nie nale\u017cy traktowa\u0107 jako plastik, gdy\u017c do ich stabilizacji u\u017cywa si\u0119 metalowych drut\u00f3w oblanych plastikiem, doniczki cz\u0119sto zalane s\u0105 betonem, gipsem, piank\u0105 itp.<\/span><\/span><\/span><\/p>\n<p align=\"justify\">\n<p align=\"justify\"><span style=\"color: #1c1e21\"><span style=\"font-family: Times New Roman, serif\"><span style=\"font-size: large\">Mamy nadziej\u0119, \u017ce powy\u017csze wyja\u015bnienia u\u0142atwi\u0105 segregowanie odpad\u00f3w wytwarzanych na cmentarzu i pozwol\u0105 na unikni\u0119cie mieszania frakcji.<\/span><\/span><\/span><\/p>\n<p align=\"justify\">\n","protected":false},"excerpt":{"rendered":"<p>Uwaga! Generalna zasada segregacji odpad\u00f3w na cmentarzach polega na segregowaniu na 2 frakcje: 1. Odpad biodegradowalny &#8211; kwiaty bez doniczek i bez ziemi (otrzepane korzenie), wie\u0144ce i wi\u0105zanki bez plastikowych wstawek, szarf, drut\u00f3w itp. &#8211; jest to wym\u00f3g przyj\u0119cia odpad\u00f3w biodegradowalnych do zagospodarowania (najcz\u0119\u015bciej kompostowanie) przez uprawnion\u0105 instalacj\u0119. 2. Pozosta\u0142e odpady &#8211; tzw. odpady zmieszane. [&hellip;]<\/p>\n","protected":false},"author":1,"featured_media":1747,"comment_status":"closed","ping_status":"open","sticky":false,"template":"","format":"standard","meta":{"_et_pb_use_builder":"","_et_pb_old_content":"","_et_gb_content_width":"","cybocfi_hide_featured_image":"","footnotes":""},"categories":[99,165],"tags":[345,343,233,341,221,215],"class_list":["post-2007","post","type-post","status-publish","format-standard","has-post-thumbnail","hentry","category-aktualnosci","category-gospodarka-odpadami-komunalnymi","tag-cmentarzu","tag-na","tag-odpadow","tag-segregacja","tag-tykocinie","tag-w","high-contrast"],"_links":{"self":[{"href":"https:\/\/umtykocin.pl\/mieszkaniec\/wp-json\/wp\/v2\/posts\/2007","targetHints":{"allow":["GET"]}}],"collection":[{"href":"https:\/\/umtykocin.pl\/mieszkaniec\/wp-json\/wp\/v2\/posts"}],"about":[{"href":"https:\/\/umtykocin.pl\/mieszkaniec\/wp-json\/wp\/v2\/types\/post"}],"author":[{"embeddable":true,"href":"https:\/\/umtykocin.pl\/mieszkaniec\/wp-json\/wp\/v2\/users\/1"}],"replies":[{"embeddable":true,"href":"https:\/\/umtykocin.pl\/mieszkaniec\/wp-json\/wp\/v2\/comments?post=2007"}],"version-history":[{"count":3,"href":"https:\/\/umtykocin.pl\/mieszkaniec\/wp-json\/wp\/v2\/posts\/2007\/revisions"}],"predecessor-version":[{"id":2011,"href":"https:\/\/umtykocin.pl\/mieszkaniec\/wp-json\/wp\/v2\/posts\/2007\/revisions\/2011"}],"wp:featuredmedia":[{"embeddable":true,"href":"https:\/\/umtykocin.pl\/mieszkaniec\/wp-json\/wp\/v2\/media\/1747"}],"wp:attachment":[{"href":"https:\/\/umtykocin.pl\/mieszkaniec\/wp-json\/wp\/v2\/media?parent=2007"}],"wp:term":[{"taxonomy":"category","embeddable":true,"href":"https:\/\/umtykocin.pl\/mieszkaniec\/wp-json\/wp\/v2\/categories?post=2007"},{"taxonomy":"post_tag","embeddable":true,"href":"https:\/\/umtykocin.pl\/mieszkaniec\/wp-json\/wp\/v2\/tags?post=2007"}],"curies":[{"name":"wp","href":"https:\/\/api.w.org\/{rel}","templated":true}]}}