{"id":2021,"date":"2020-01-21T10:38:27","date_gmt":"2020-01-21T09:38:27","guid":{"rendered":"http:\/\/umtykocin.pl\/mieszkaniec\/?p=2021"},"modified":"2020-02-01T01:40:05","modified_gmt":"2020-02-01T00:40:05","slug":"informacja-dla-osob-ktore-prowadza-nieselektywna-zbiorke-odpadow","status":"publish","type":"post","link":"https:\/\/umtykocin.pl\/mieszkaniec\/informacja-dla-osob-ktore-prowadza-nieselektywna-zbiorke-odpadow\/","title":{"rendered":"Informacja dla os\u00f3b kt\u00f3re nie zadeklarowa\u0142y selektywnej zbi\u00f3rki odpad\u00f3w"},"content":{"rendered":"<h3><\/h3>\n<h3><\/h3>\n<h3 style=\"text-align: center;\"><strong>UWAGA MIESZKA\u0143CY!<\/strong><\/h3>\n<p>&nbsp;<\/p>\n<h3><strong>Przypominamy, i\u017c znowelizowana ustawa o utrzymaniu czysto\u015bci i porz\u0105dku w gminie wprowadzi\u0142a obowi\u0105zek selektywnego zbierania odpad\u00f3w komunalnych przez wszystkich mieszka\u0144c\u00f3w.\u00a0<\/strong><\/h3>\n<p>&nbsp;<\/p>\n<h3><strong>Oznacza to, \u017ce wszystkie dotychczasowe deklaracje, w kt\u00f3rych oznaczono nieselektywn\u0105 zbi\u00f3rk\u0119 musz\u0105 zosta\u0107 \u201ezast\u0105pione\u201d deklaracjami wskazuj\u0105cymi prowadzenie selektywnej zbi\u00f3rki.<\/strong><\/h3>\n<p>&nbsp;<\/p>\n<h3><strong>Wobec powy\u017cszego\u00a0w\u0142a\u015bciciele nieruchomo\u015bci, kt\u00f3rzy nie zadeklarowali dotychczas selektywnej zbi\u00f3rki zobligowani s\u0105 do z\u0142o\u017cenia nowych deklaracji o wysoko\u015bci op\u0142aty za gospodarowanie odpadami komunalnymi w terminie do 31 stycznia 2020 r.<\/strong><strong>\u00a0<\/strong><\/h3>\n<p>&nbsp;<\/p>\n<p style=\"font-weight: 400;\"><strong>Osoby kt\u00f3re maj\u0105 z\u0142o\u017con\u0105 deklaracj\u0119 i zadeklarowa\u0142y prowadzenie selektywnej zbi\u00f3rki nie musz\u0105 sk\u0142ada\u0107 deklaracji ponownie.<\/strong><\/p>\n","protected":false},"excerpt":{"rendered":"<p>UWAGA MIESZKA\u0143CY! &nbsp; Przypominamy, i\u017c znowelizowana ustawa o utrzymaniu czysto\u015bci i porz\u0105dku w gminie wprowadzi\u0142a obowi\u0105zek selektywnego zbierania odpad\u00f3w komunalnych przez wszystkich mieszka\u0144c\u00f3w.\u00a0 &nbsp; Oznacza to, \u017ce wszystkie dotychczasowe deklaracje, w kt\u00f3rych oznaczono nieselektywn\u0105 zbi\u00f3rk\u0119 musz\u0105 zosta\u0107 \u201ezast\u0105pione\u201d deklaracjami wskazuj\u0105cymi prowadzenie selektywnej zbi\u00f3rki. &nbsp; Wobec powy\u017cszego\u00a0w\u0142a\u015bciciele nieruchomo\u015bci, kt\u00f3rzy nie zadeklarowali dotychczas selektywnej zbi\u00f3rki zobligowani s\u0105 [&hellip;]<\/p>\n","protected":false},"author":1,"featured_media":2220,"comment_status":"closed","ping_status":"open","sticky":false,"template":"","format":"standard","meta":{"_et_pb_use_builder":"","_et_pb_old_content":"","_et_gb_content_width":"","cybocfi_hide_featured_image":"","footnotes":""},"categories":[99,165],"tags":[365,357,369,377,233,367,381,379,383],"class_list":["post-2021","post","type-post","status-publish","format-standard","has-post-thumbnail","hentry","category-aktualnosci","category-gospodarka-odpadami-komunalnymi","tag-dla","tag-informacja","tag-ktore","tag-nie","tag-odpadow","tag-osob","tag-selektywnej","tag-zadeklarowaly","tag-zbiorki","high-contrast"],"_links":{"self":[{"href":"https:\/\/umtykocin.pl\/mieszkaniec\/wp-json\/wp\/v2\/posts\/2021","targetHints":{"allow":["GET"]}}],"collection":[{"href":"https:\/\/umtykocin.pl\/mieszkaniec\/wp-json\/wp\/v2\/posts"}],"about":[{"href":"https:\/\/umtykocin.pl\/mieszkaniec\/wp-json\/wp\/v2\/types\/post"}],"author":[{"embeddable":true,"href":"https:\/\/umtykocin.pl\/mieszkaniec\/wp-json\/wp\/v2\/users\/1"}],"replies":[{"embeddable":true,"href":"https:\/\/umtykocin.pl\/mieszkaniec\/wp-json\/wp\/v2\/comments?post=2021"}],"version-history":[{"count":8,"href":"https:\/\/umtykocin.pl\/mieszkaniec\/wp-json\/wp\/v2\/posts\/2021\/revisions"}],"predecessor-version":[{"id":2221,"href":"https:\/\/umtykocin.pl\/mieszkaniec\/wp-json\/wp\/v2\/posts\/2021\/revisions\/2221"}],"wp:featuredmedia":[{"embeddable":true,"href":"https:\/\/umtykocin.pl\/mieszkaniec\/wp-json\/wp\/v2\/media\/2220"}],"wp:attachment":[{"href":"https:\/\/umtykocin.pl\/mieszkaniec\/wp-json\/wp\/v2\/media?parent=2021"}],"wp:term":[{"taxonomy":"category","embeddable":true,"href":"https:\/\/umtykocin.pl\/mieszkaniec\/wp-json\/wp\/v2\/categories?post=2021"},{"taxonomy":"post_tag","embeddable":true,"href":"https:\/\/umtykocin.pl\/mieszkaniec\/wp-json\/wp\/v2\/tags?post=2021"}],"curies":[{"name":"wp","href":"https:\/\/api.w.org\/{rel}","templated":true}]}}