{"id":2602,"date":"2020-02-27T09:31:55","date_gmt":"2020-02-27T08:31:55","guid":{"rendered":"http:\/\/umtykocin.pl\/mieszkaniec\/?p=2602"},"modified":"2020-02-28T11:51:24","modified_gmt":"2020-02-28T10:51:24","slug":"kontrola-w-zakresie-ilosci-osob-podanych-w-deklaracji-o-wysokosci-oplaty-za-gospodarowanie-odpadami-komunalnymi","status":"publish","type":"post","link":"https:\/\/umtykocin.pl\/mieszkaniec\/kontrola-w-zakresie-ilosci-osob-podanych-w-deklaracji-o-wysokosci-oplaty-za-gospodarowanie-odpadami-komunalnymi\/","title":{"rendered":"Kontrola w zakresie ilo\u015bci os\u00f3b podanych w deklaracji o wysoko\u015bci op\u0142aty za gospodarowanie odpadami komunalnymi"},"content":{"rendered":"<h3 align=\"justify\">Z uwagi na ci\u0105gle rosn\u0105ce koszty odbioru, transportu i zagospodarowania odpad\u00f3w komunalnych (kwota wynikaj\u0105ca z przetargu na rok 2019 r. \u2013 759113,64 z\u0142 natomiast kwota wynikaj\u0105ca z przetargu na rok 2020 r. \u2013 989236,80 z\u0142, r\u00f3\u017cnica to a\u017c <strong>230 123,16 z\u0142<\/strong>), Burmistrz Tykocina informuje, i\u017c od <strong>17 lutego 2020 r.<\/strong>\u00a0prowadzona jest\u00a0<strong>kontrola mieszka\u0144c\u00f3w w zakresie ilo\u015bci os\u00f3b podanych w deklaracji o wysoko\u015bci op\u0142aty za gospodarowanie odpadami komunalnymi<\/strong>, w stosunku do faktycznej ilo\u015bci os\u00f3b zamieszkuj\u0105cych dan\u0105 nieruchomo\u015b\u0107. W zwi\u0105zku z powy\u017cszym w\u0142a\u015bciciele nieruchomo\u015bci, kt\u00f3rzy dotychczas nie zaktualizowali danych podanych w deklaracji zobowi\u0105zani s\u0105 do niezw\u0142ocznego wype\u0142nienia tego obowi\u0105zku.<\/h3>\n","protected":false},"excerpt":{"rendered":"<p>Z uwagi na ci\u0105gle rosn\u0105ce koszty odbioru, transportu i zagospodarowania odpad\u00f3w komunalnych (kwota wynikaj\u0105ca z przetargu na rok 2019 r. \u2013 759113,64 z\u0142 natomiast kwota wynikaj\u0105ca z przetargu na rok 2020 r. \u2013 989236,80 z\u0142, r\u00f3\u017cnica to a\u017c 230 123,16 z\u0142), Burmistrz Tykocina informuje, i\u017c od 17 lutego 2020 r.\u00a0prowadzona jest\u00a0kontrola mieszka\u0144c\u00f3w w zakresie ilo\u015bci [&hellip;]<\/p>\n","protected":false},"author":1,"featured_media":1747,"comment_status":"closed","ping_status":"open","sticky":false,"template":"","format":"standard","meta":{"_et_pb_use_builder":"","_et_pb_old_content":"","_et_gb_content_width":"","cybocfi_hide_featured_image":"","footnotes":""},"categories":[99,165],"tags":[641,331,637,335,633,361,333,643,367,639,215,363,329,635],"class_list":["post-2602","post","type-post","status-publish","format-standard","has-post-thumbnail","hentry","category-aktualnosci","category-gospodarka-odpadami-komunalnymi","tag-deklaracji","tag-gospodarowanie","tag-ilosci","tag-komunalnymi","tag-kontrola","tag-o","tag-odpadami","tag-oplaty","tag-osob","tag-podanych","tag-w","tag-wysokosci","tag-za","tag-zakresie","high-contrast"],"_links":{"self":[{"href":"https:\/\/umtykocin.pl\/mieszkaniec\/wp-json\/wp\/v2\/posts\/2602","targetHints":{"allow":["GET"]}}],"collection":[{"href":"https:\/\/umtykocin.pl\/mieszkaniec\/wp-json\/wp\/v2\/posts"}],"about":[{"href":"https:\/\/umtykocin.pl\/mieszkaniec\/wp-json\/wp\/v2\/types\/post"}],"author":[{"embeddable":true,"href":"https:\/\/umtykocin.pl\/mieszkaniec\/wp-json\/wp\/v2\/users\/1"}],"replies":[{"embeddable":true,"href":"https:\/\/umtykocin.pl\/mieszkaniec\/wp-json\/wp\/v2\/comments?post=2602"}],"version-history":[{"count":5,"href":"https:\/\/umtykocin.pl\/mieszkaniec\/wp-json\/wp\/v2\/posts\/2602\/revisions"}],"predecessor-version":[{"id":2620,"href":"https:\/\/umtykocin.pl\/mieszkaniec\/wp-json\/wp\/v2\/posts\/2602\/revisions\/2620"}],"wp:featuredmedia":[{"embeddable":true,"href":"https:\/\/umtykocin.pl\/mieszkaniec\/wp-json\/wp\/v2\/media\/1747"}],"wp:attachment":[{"href":"https:\/\/umtykocin.pl\/mieszkaniec\/wp-json\/wp\/v2\/media?parent=2602"}],"wp:term":[{"taxonomy":"category","embeddable":true,"href":"https:\/\/umtykocin.pl\/mieszkaniec\/wp-json\/wp\/v2\/categories?post=2602"},{"taxonomy":"post_tag","embeddable":true,"href":"https:\/\/umtykocin.pl\/mieszkaniec\/wp-json\/wp\/v2\/tags?post=2602"}],"curies":[{"name":"wp","href":"https:\/\/api.w.org\/{rel}","templated":true}]}}