{"id":3075,"date":"2020-03-13T14:38:10","date_gmt":"2020-03-13T13:38:10","guid":{"rendered":"http:\/\/umtykocin.pl\/mieszkaniec\/?p=3075"},"modified":"2020-03-13T14:48:55","modified_gmt":"2020-03-13T13:48:55","slug":"rozporzadzenie-porzadkowe-nr-2-2020-wojewody-podlaskiego","status":"publish","type":"post","link":"https:\/\/umtykocin.pl\/mieszkaniec\/rozporzadzenie-porzadkowe-nr-2-2020-wojewody-podlaskiego\/","title":{"rendered":"ROZPORZ\u0104DZENIE PORZ\u0104DKOWE NR 2\/2020 WOJEWODY PODLASKIEGO"},"content":{"rendered":"<p style=\"text-align: center\"><strong>ROZPORZ\u0104DZENIE PORZ\u0104DKOWE NR 2\/2020<\/strong><br \/>\n<strong>WOJEWODY PODLASKIEGO<\/strong><br \/>\n<strong>z dnia 12 marca 2020 r.<\/strong><\/p>\n<p style=\"text-align: center\"><strong>uchylaj\u0105ce rozporz\u0105dzenie porz\u0105dkowe w sprawie zawieszenia organizowania imprez artystycznych<\/strong><br \/>\n<strong>i rozrywkowych na terenie wojew\u00f3dztwa podlaskiego<\/strong><\/p>\n<p style=\"text-align: left\">Na podstawie art. 60 ust. 1 ustawy z dnia 23 stycznia 2009 r. o wojewodzie i administracji rz\u0105dowej w wojew\u00f3dztwie (Dz. U. z 2019 r. poz. 1464) oraz art. 37 ust. 2 ustawy z dnia 25 pa\u017adziernika 1991 r. o organizowaniu i prowadzeniu dzia\u0142alno\u015bci kulturalnej (Dz. U. z 2020 r. poz. 194) zarz\u0105dza si\u0119, co nast\u0119puje:<\/p>\n<p style=\"text-align: left\">\u00a7 1. Traci moc rozporz\u0105dzenie porz\u0105dkowe nr 1\/2020 Wojewody Podlaskiego z dnia 11 marca 2020 r. w sprawie zawieszenia organizowania imprez artystycznych i rozrywkowych na terenie wojew\u00f3dztwa podlaskiego (Dz. Urz. Woj. Podl. poz. 1484).<\/p>\n<p style=\"text-align: left\">\u00a7 2. Rozporz\u0105dzenie porz\u0105dkowe wchodzi w \u017cycie z dniem og\u0142oszenia.<\/p>\n<p style=\"text-align: right\"><strong>Wojewoda Podlaski<\/strong><br \/>\n<strong>Bohdan Paszkowski<\/strong><\/p>\n<p>&nbsp;<\/p>\n<p style=\"text-align: left\">Pe\u0142na tre\u015b\u0107 rozporz\u0105dzenia uchylaj\u0105cego w pliku PDF pod tym linkiem<a href=\"http:\/\/umtykocin.pl\/mieszkaniec\/wp-content\/uploads\/sites\/4\/2020\/03\/rozporzadzenie-uchylaj\u0105ce.pdf\" target=\"_blank\" rel=\"noopener noreferrer\">\u00a0linkiem.<\/a><\/p>\n","protected":false},"excerpt":{"rendered":"<p>ROZPORZ\u0104DZENIE PORZ\u0104DKOWE NR 2\/2020 WOJEWODY PODLASKIEGO z dnia 12 marca 2020 r. uchylaj\u0105ce rozporz\u0105dzenie porz\u0105dkowe w sprawie zawieszenia organizowania imprez artystycznych i rozrywkowych na terenie wojew\u00f3dztwa podlaskiego Na podstawie art. 60 ust. 1 ustawy z dnia 23 stycznia 2009 r. o wojewodzie i administracji rz\u0105dowej w wojew\u00f3dztwie (Dz. U. z 2019 r. poz. 1464) oraz [&hellip;]<\/p>\n","protected":false},"author":1,"featured_media":2998,"comment_status":"closed","ping_status":"open","sticky":false,"template":"","format":"standard","meta":{"_et_pb_use_builder":"","_et_pb_old_content":"","_et_gb_content_width":"","cybocfi_hide_featured_image":"","footnotes":""},"categories":[99,1004],"tags":[998,996,555,893,891,895],"class_list":["post-3075","post","type-post","status-publish","format-standard","has-post-thumbnail","hentry","category-aktualnosci","category-zarzadzanie-kryzysowe","tag-2-2020","tag-nr","tag-podlaskiego","tag-porzadkowe","tag-rozporzadzenie","tag-wojewody","high-contrast"],"_links":{"self":[{"href":"https:\/\/umtykocin.pl\/mieszkaniec\/wp-json\/wp\/v2\/posts\/3075","targetHints":{"allow":["GET"]}}],"collection":[{"href":"https:\/\/umtykocin.pl\/mieszkaniec\/wp-json\/wp\/v2\/posts"}],"about":[{"href":"https:\/\/umtykocin.pl\/mieszkaniec\/wp-json\/wp\/v2\/types\/post"}],"author":[{"embeddable":true,"href":"https:\/\/umtykocin.pl\/mieszkaniec\/wp-json\/wp\/v2\/users\/1"}],"replies":[{"embeddable":true,"href":"https:\/\/umtykocin.pl\/mieszkaniec\/wp-json\/wp\/v2\/comments?post=3075"}],"version-history":[{"count":2,"href":"https:\/\/umtykocin.pl\/mieszkaniec\/wp-json\/wp\/v2\/posts\/3075\/revisions"}],"predecessor-version":[{"id":3081,"href":"https:\/\/umtykocin.pl\/mieszkaniec\/wp-json\/wp\/v2\/posts\/3075\/revisions\/3081"}],"wp:featuredmedia":[{"embeddable":true,"href":"https:\/\/umtykocin.pl\/mieszkaniec\/wp-json\/wp\/v2\/media\/2998"}],"wp:attachment":[{"href":"https:\/\/umtykocin.pl\/mieszkaniec\/wp-json\/wp\/v2\/media?parent=3075"}],"wp:term":[{"taxonomy":"category","embeddable":true,"href":"https:\/\/umtykocin.pl\/mieszkaniec\/wp-json\/wp\/v2\/categories?post=3075"},{"taxonomy":"post_tag","embeddable":true,"href":"https:\/\/umtykocin.pl\/mieszkaniec\/wp-json\/wp\/v2\/tags?post=3075"}],"curies":[{"name":"wp","href":"https:\/\/api.w.org\/{rel}","templated":true}]}}