{"id":3078,"date":"2020-03-13T14:46:59","date_gmt":"2020-03-13T13:46:59","guid":{"rendered":"http:\/\/umtykocin.pl\/mieszkaniec\/?p=3078"},"modified":"2020-03-13T22:07:53","modified_gmt":"2020-03-13T21:07:53","slug":"zarzadzenie-nr-33-2020-wojewody-podlaskiego-z-dnia-12-marca-2020-r","status":"publish","type":"post","link":"https:\/\/umtykocin.pl\/mieszkaniec\/zarzadzenie-nr-33-2020-wojewody-podlaskiego-z-dnia-12-marca-2020-r\/","title":{"rendered":"ZARZ\u0104DZENIE NR 33\/2020 WOJEWODY PODLASKIEGO z dnia 12 marca 2020 r."},"content":{"rendered":"<p style=\"text-align: center\"><strong>ZARZ\u0104DZENIE NR 33\/2020<\/strong><br \/>\n<strong>WOJEWODY PODLASKIEGO<\/strong><br \/>\n<strong>z dnia 12 marca 2020 r.<\/strong><\/p>\n<p style=\"text-align: center\"><strong>w sprawie zawieszenia organizowania imprez artystycznych i rozrywkowych na terenie<\/strong><br \/>\n<strong>wojew\u00f3dztwa podlaskiego<\/strong><\/p>\n<p style=\"text-align: left\">Na podstawie art. 37 ust. 2 ustawy z dnia 25 pa\u017adziernika 1991 r. o organizowaniu i prowadzeniu dzia\u0142alno\u015bci kulturalnej (Dz. U. z 2020 r. poz. 194) zarz\u0105dza si\u0119, co nast\u0119puje:<\/p>\n<p>\u00a7 1. W celu zapobie\u017cenia rozprzestrzeniania si\u0119 chorobie COVID-19, zarz\u0105dzam zawieszenie na terenie wojew\u00f3dztwa podlaskiego organizowania imprez artystycznych i rozrywkowych.<br \/>\n\u00a7 2. Zawieszenie organizowania imprez obejmuje tak\u017ce zakaz przeprowadzania takich imprez i dotyczy:<br \/>\n1) imprez artystycznych i rozrywkowych o kt\u00f3rych mowa w ustawie z dnia 25 pa\u017adziernika<br \/>\n1991 r. o organizowaniu i prowadzeniu dzia\u0142alno\u015bci kulturalnej;<br \/>\n2) imprez masowych artystyczno-rozrywkowych w rozumieniu ustawy z dnia 20 marca 2009<br \/>\nr. o bezpiecze\u0144stwie imprez masowych (Dz. U. z 2019 r. poz. 2171)<br \/>\n&#8211; organizowanych przez osoby prawne, osoby fizyczne oraz jednostki organizacyjne nie posiadaj\u0105ce osobowo\u015bci prawnej, bez wzgl\u0119du na lokalizacj\u0119 tych imprez i spos\u00f3b ich odbywania na terenie wojew\u00f3dztwa podlaskiego oraz bez wzgl\u0119du na liczb\u0119 ich uczestnik\u00f3w, w tym w szczeg\u00f3lno\u015bci dotyczy imprez organizowanych w teatrach, operach, operetkach, filharmoniach, kinach, muzeach, bibliotekach, domach kultury, galeriach sztuki lub w innych<br \/>\npodobnych obiektach.<br \/>\n\u00a7 3. Zawieszenie organizowania imprez obowi\u0105zuje do dnia 25 marca 2020 r.<br \/>\n\u00a7 4. Wykonanie zarz\u0105dzenia powierza si\u0119 Komendantowi Wojew\u00f3dzkiemu Policji w Bia\u0142ymstoku.<br \/>\n\u00a7 5. Zarz\u0105dzenie podlega og\u0142oszeniu w Dzienniku Urz\u0119dowym Wojew\u00f3dztwa Podlaskiego, w Biuletynie Informacji Publicznej Podlaskiego Urz\u0119du Wojew\u00f3dzkiego w Bia\u0142ymstoku oraz na tablicy og\u0142osze\u0144 Podlaskiego Urz\u0119du Wojew\u00f3dzkiego w Bia\u0142ymstoku.<br \/>\n\u00a7 6. Informacja o wydaniu zarz\u0105dzenia zostanie podana niezw\u0142ocznie do wiadomo\u015bci publicznej tak\u017ce w \u015brodkach masowego przekazu.<br \/>\n\u00a7 7. Zarz\u0105dzenie wchodzi w \u017cycie z dniem 12 marca 2020 r.<\/p>\n<p>&nbsp;<\/p>\n<p style=\"text-align: right\"><strong>Wojewoda Podlaski<\/strong><br \/>\n<strong>Bohdan Paszkowski<\/strong><\/p>\n","protected":false},"excerpt":{"rendered":"<p>ZARZ\u0104DZENIE NR 33\/2020 WOJEWODY PODLASKIEGO z dnia 12 marca 2020 r. w sprawie zawieszenia organizowania imprez artystycznych i rozrywkowych na terenie wojew\u00f3dztwa podlaskiego Na podstawie art. 37 ust. 2 ustawy z dnia 25 pa\u017adziernika 1991 r. o organizowaniu i prowadzeniu dzia\u0142alno\u015bci kulturalnej (Dz. U. z 2020 r. poz. 194) zarz\u0105dza si\u0119, co nast\u0119puje: \u00a7 1. [&hellip;]<\/p>\n","protected":false},"author":1,"featured_media":2998,"comment_status":"closed","ping_status":"open","sticky":false,"template":"","format":"standard","meta":{"_et_pb_use_builder":"","_et_pb_old_content":"","_et_gb_content_width":"","cybocfi_hide_featured_image":"","footnotes":""},"categories":[99,1004],"tags":[926,205,1002,279,563,996,555,895,259,1000],"class_list":["post-3078","post","type-post","status-publish","format-standard","has-post-thumbnail","hentry","category-aktualnosci","category-zarzadzanie-kryzysowe","tag-926","tag-2020-r","tag-3-2020","tag-dnia","tag-marca","tag-nr","tag-podlaskiego","tag-wojewody","tag-z","tag-zarzadzenie","high-contrast"],"_links":{"self":[{"href":"https:\/\/umtykocin.pl\/mieszkaniec\/wp-json\/wp\/v2\/posts\/3078","targetHints":{"allow":["GET"]}}],"collection":[{"href":"https:\/\/umtykocin.pl\/mieszkaniec\/wp-json\/wp\/v2\/posts"}],"about":[{"href":"https:\/\/umtykocin.pl\/mieszkaniec\/wp-json\/wp\/v2\/types\/post"}],"author":[{"embeddable":true,"href":"https:\/\/umtykocin.pl\/mieszkaniec\/wp-json\/wp\/v2\/users\/1"}],"replies":[{"embeddable":true,"href":"https:\/\/umtykocin.pl\/mieszkaniec\/wp-json\/wp\/v2\/comments?post=3078"}],"version-history":[{"count":3,"href":"https:\/\/umtykocin.pl\/mieszkaniec\/wp-json\/wp\/v2\/posts\/3078\/revisions"}],"predecessor-version":[{"id":3090,"href":"https:\/\/umtykocin.pl\/mieszkaniec\/wp-json\/wp\/v2\/posts\/3078\/revisions\/3090"}],"wp:featuredmedia":[{"embeddable":true,"href":"https:\/\/umtykocin.pl\/mieszkaniec\/wp-json\/wp\/v2\/media\/2998"}],"wp:attachment":[{"href":"https:\/\/umtykocin.pl\/mieszkaniec\/wp-json\/wp\/v2\/media?parent=3078"}],"wp:term":[{"taxonomy":"category","embeddable":true,"href":"https:\/\/umtykocin.pl\/mieszkaniec\/wp-json\/wp\/v2\/categories?post=3078"},{"taxonomy":"post_tag","embeddable":true,"href":"https:\/\/umtykocin.pl\/mieszkaniec\/wp-json\/wp\/v2\/tags?post=3078"}],"curies":[{"name":"wp","href":"https:\/\/api.w.org\/{rel}","templated":true}]}}