{"id":3082,"date":"2020-03-13T15:16:10","date_gmt":"2020-03-13T14:16:10","guid":{"rendered":"http:\/\/umtykocin.pl\/mieszkaniec\/?p=3082"},"modified":"2020-03-13T15:16:10","modified_gmt":"2020-03-13T14:16:10","slug":"uwaga-wtorkowe-targi-w-tykocinie-na-starym-rynku-i-przyleglych-ulicach-sa-odwolane","status":"publish","type":"post","link":"https:\/\/umtykocin.pl\/mieszkaniec\/uwaga-wtorkowe-targi-w-tykocinie-na-starym-rynku-i-przyleglych-ulicach-sa-odwolane\/","title":{"rendered":"Uwaga, wtorkowe targi w Tykocinie na Starym Rynku i przyleg\u0142ych ulicach s\u0105 odwo\u0142ane!"},"content":{"rendered":"<h3>Uwaga, wtorkowe targi w Tykocinie na Starym Rynku i przyleg\u0142ych ulicach s\u0105 odwo\u0142ane! Zakaz jest zwi\u0105zany z obostrzeniami sanitarno-epidemiologicznymi dotycz\u0105cymi rozprzestrzenia si\u0119 koronawirusa.<\/h3>\n","protected":false},"excerpt":{"rendered":"<p>Uwaga, wtorkowe targi w Tykocinie na Starym Rynku i przyleg\u0142ych ulicach s\u0105 odwo\u0142ane! Zakaz jest zwi\u0105zany z obostrzeniami sanitarno-epidemiologicznymi dotycz\u0105cymi rozprzestrzenia si\u0119 koronawirusa.<\/p>\n","protected":false},"author":1,"featured_media":3083,"comment_status":"closed","ping_status":"open","sticky":false,"template":"","format":"standard","meta":{"_et_pb_use_builder":"","_et_pb_old_content":"","_et_gb_content_width":"","cybocfi_hide_featured_image":"","footnotes":""},"categories":[99,1004],"tags":[968,1006],"class_list":["post-3082","post","type-post","status-publish","format-standard","has-post-thumbnail","hentry","category-aktualnosci","category-zarzadzanie-kryzysowe","tag-uwaga","tag-wtorkowe-targi-w-tykocinie-na-starym-rynku-i-przyleglych-ulicach-sa-odwolane","high-contrast"],"_links":{"self":[{"href":"https:\/\/umtykocin.pl\/mieszkaniec\/wp-json\/wp\/v2\/posts\/3082","targetHints":{"allow":["GET"]}}],"collection":[{"href":"https:\/\/umtykocin.pl\/mieszkaniec\/wp-json\/wp\/v2\/posts"}],"about":[{"href":"https:\/\/umtykocin.pl\/mieszkaniec\/wp-json\/wp\/v2\/types\/post"}],"author":[{"embeddable":true,"href":"https:\/\/umtykocin.pl\/mieszkaniec\/wp-json\/wp\/v2\/users\/1"}],"replies":[{"embeddable":true,"href":"https:\/\/umtykocin.pl\/mieszkaniec\/wp-json\/wp\/v2\/comments?post=3082"}],"version-history":[{"count":1,"href":"https:\/\/umtykocin.pl\/mieszkaniec\/wp-json\/wp\/v2\/posts\/3082\/revisions"}],"predecessor-version":[{"id":3084,"href":"https:\/\/umtykocin.pl\/mieszkaniec\/wp-json\/wp\/v2\/posts\/3082\/revisions\/3084"}],"wp:featuredmedia":[{"embeddable":true,"href":"https:\/\/umtykocin.pl\/mieszkaniec\/wp-json\/wp\/v2\/media\/3083"}],"wp:attachment":[{"href":"https:\/\/umtykocin.pl\/mieszkaniec\/wp-json\/wp\/v2\/media?parent=3082"}],"wp:term":[{"taxonomy":"category","embeddable":true,"href":"https:\/\/umtykocin.pl\/mieszkaniec\/wp-json\/wp\/v2\/categories?post=3082"},{"taxonomy":"post_tag","embeddable":true,"href":"https:\/\/umtykocin.pl\/mieszkaniec\/wp-json\/wp\/v2\/tags?post=3082"}],"curies":[{"name":"wp","href":"https:\/\/api.w.org\/{rel}","templated":true}]}}