{"id":3085,"date":"2020-03-13T22:02:25","date_gmt":"2020-03-13T21:02:25","guid":{"rendered":"http:\/\/umtykocin.pl\/mieszkaniec\/?p=3085"},"modified":"2020-03-13T22:02:25","modified_gmt":"2020-03-13T21:02:25","slug":"%e2%9d%97%ef%b8%8foficjalnie-na-terenie-naszego-kraju-wprowadzono-stan-zagrozenia-epidemicznego","status":"publish","type":"post","link":"https:\/\/umtykocin.pl\/mieszkaniec\/%e2%9d%97%ef%b8%8foficjalnie-na-terenie-naszego-kraju-wprowadzono-stan-zagrozenia-epidemicznego\/","title":{"rendered":"\u2757\ufe0fOficjalnie na terenie naszego kraju wprowadzono stan zagro\u017cenia epidemicznego."},"content":{"rendered":"<h1>Zach\u0119camy do zapoznania si\u0119 z najnowszym komunikatem ws. epidemii koronawirusa.<\/h1>\n","protected":false},"excerpt":{"rendered":"<p>Zach\u0119camy do zapoznania si\u0119 z najnowszym komunikatem ws. epidemii koronawirusa.<\/p>\n","protected":false},"author":1,"featured_media":3086,"comment_status":"closed","ping_status":"open","sticky":false,"template":"","format":"standard","meta":{"_et_pb_use_builder":"","_et_pb_old_content":"","_et_gb_content_width":"","cybocfi_hide_featured_image":"","footnotes":""},"categories":[99,1004],"tags":[1008,1020,1012,343,1010,1016,551,1014,1018],"class_list":["post-3085","post","type-post","status-publish","format-standard","has-post-thumbnail","hentry","category-aktualnosci","category-zarzadzanie-kryzysowe","tag-oficjalnie","tag-epidemicznego","tag-kraju","tag-na","tag-naszego","tag-stan","tag-terenie","tag-wprowadzono","tag-zagrozenia","high-contrast"],"_links":{"self":[{"href":"https:\/\/umtykocin.pl\/mieszkaniec\/wp-json\/wp\/v2\/posts\/3085","targetHints":{"allow":["GET"]}}],"collection":[{"href":"https:\/\/umtykocin.pl\/mieszkaniec\/wp-json\/wp\/v2\/posts"}],"about":[{"href":"https:\/\/umtykocin.pl\/mieszkaniec\/wp-json\/wp\/v2\/types\/post"}],"author":[{"embeddable":true,"href":"https:\/\/umtykocin.pl\/mieszkaniec\/wp-json\/wp\/v2\/users\/1"}],"replies":[{"embeddable":true,"href":"https:\/\/umtykocin.pl\/mieszkaniec\/wp-json\/wp\/v2\/comments?post=3085"}],"version-history":[{"count":3,"href":"https:\/\/umtykocin.pl\/mieszkaniec\/wp-json\/wp\/v2\/posts\/3085\/revisions"}],"predecessor-version":[{"id":3089,"href":"https:\/\/umtykocin.pl\/mieszkaniec\/wp-json\/wp\/v2\/posts\/3085\/revisions\/3089"}],"wp:featuredmedia":[{"embeddable":true,"href":"https:\/\/umtykocin.pl\/mieszkaniec\/wp-json\/wp\/v2\/media\/3086"}],"wp:attachment":[{"href":"https:\/\/umtykocin.pl\/mieszkaniec\/wp-json\/wp\/v2\/media?parent=3085"}],"wp:term":[{"taxonomy":"category","embeddable":true,"href":"https:\/\/umtykocin.pl\/mieszkaniec\/wp-json\/wp\/v2\/categories?post=3085"},{"taxonomy":"post_tag","embeddable":true,"href":"https:\/\/umtykocin.pl\/mieszkaniec\/wp-json\/wp\/v2\/tags?post=3085"}],"curies":[{"name":"wp","href":"https:\/\/api.w.org\/{rel}","templated":true}]}}