{"id":3091,"date":"2020-03-14T13:56:14","date_gmt":"2020-03-14T12:56:14","guid":{"rendered":"http:\/\/umtykocin.pl\/mieszkaniec\/?p=3091"},"modified":"2020-03-14T14:02:46","modified_gmt":"2020-03-14T13:02:46","slug":"nowe-przepisy-w-zwiazku-z-rozprzestrzenianiem-sie-koronawirusa","status":"publish","type":"post","link":"https:\/\/umtykocin.pl\/mieszkaniec\/nowe-przepisy-w-zwiazku-z-rozprzestrzenianiem-sie-koronawirusa\/","title":{"rendered":"Nowe przepisy w zwi\u0105zku z rozprzestrzenianiem si\u0119 koronawirusa #zostanwdomu"},"content":{"rendered":"<h4><strong><a class=\"_58cn\" href=\"https:\/\/www.facebook.com\/hashtag\/zostanwdomu?source=feed_text&amp;epa=HASHTAG&amp;__xts__%5B0%5D=68.ARCGcVvdhf8AaocYMo9L8aEFME2sdFZyhJ6o9jRblgEHX2JUzuKkcQUBm-cF266kWfWQHlBs615ih3Q62eSl7TuwZi_WQ-Q-bik2DBuPCpdzV3rQYfZBUuSVn7J9VyrtAlz8m7xFYd5_4TDl3AqMhX7enjtK8ojFSnMVm_s9swc-3EWSC6gvBIFYNIqHr_-ZYuKLwaAwLIfUfItPPGgVXxZ05Utpord9c-I9VhtkQXBakQfSiu82IieaROue4njwXzOoUprpDM62btyEWu4QVI_BwzBC0XYBo3k6KvSkFAq-p5UROzdgdQP6zbQx_0g4XdaPDvwPuxuA7OU9Xm8yIa82ew&amp;__tn__=%2ANK-R\" data-ft=\"{&quot;type&quot;:104,&quot;tn&quot;:&quot;*N&quot;}\"><span class=\"_5afx\"><span class=\"_58cl _5afz\" aria-label=\"znacznik #\">#<\/span><span class=\"_58cm\">zostanwdomu<\/span><\/span><\/a>\u00a0<\/strong><\/h4>\n<h4>Zach\u0119camy do lektury nowych zmian, jakie od dzi\u015b wchodz\u0105 w \u017cycie. Pami\u0119tajmy: zostaj\u0105c w domu, chronimy zdrowie swoje i bliskich. Zach\u0119camy do odwiedzenia rz\u0105dowej strony o epidemii. Odpowiedzialno\u015b\u0107, profilaktyka, troska o osoby starsze, niepe\u0142nosprawne i samotne oraz unikanie zgromadze\u0144 b\u0119d\u0105 niezb\u0119dne. Zdrowia i dzielno\u015bci!<\/h4>\n<p><a href=\"http:\/\/umtykocin.pl\/mieszkaniec\/wp-content\/uploads\/sites\/4\/2020\/03\/14.jpg\"><img loading=\"lazy\" decoding=\"async\" class=\"aligncenter size-full wp-image-3092\" src=\"http:\/\/umtykocin.pl\/mieszkaniec\/wp-content\/uploads\/sites\/4\/2020\/03\/14.jpg\" alt=\"\" width=\"866\" height=\"960\" srcset=\"http:\/\/umtykocin.pl\/mieszkaniec\/wp-content\/uploads\/sites\/4\/2020\/03\/14.jpg 866w, http:\/\/umtykocin.pl\/mieszkaniec\/wp-content\/uploads\/sites\/4\/2020\/03\/14-480x532.jpg 480w\" sizes=\"(min-width: 0px) and (max-width: 480px) 480px, (min-width: 481px) 866px, 100vw\" \/><\/a><\/p>\n<p>&nbsp;<\/p>\n<p>Pe\u0142na tre\u015b\u0107 informacji na <a href=\"https:\/\/www.facebook.com\/photo.php?fbid=513946139554099&amp;set=a.111756189773098&amp;type=3&amp;theater\" target=\"_blank\" rel=\"noopener noreferrer\">Facebook<\/a>.<\/p>\n","protected":false},"excerpt":{"rendered":"<p>#zostanwdomu\u00a0 Zach\u0119camy do lektury nowych zmian, jakie od dzi\u015b wchodz\u0105 w \u017cycie. Pami\u0119tajmy: zostaj\u0105c w domu, chronimy zdrowie swoje i bliskich. Zach\u0119camy do odwiedzenia rz\u0105dowej strony o epidemii. Odpowiedzialno\u015b\u0107, profilaktyka, troska o osoby starsze, niepe\u0142nosprawne i samotne oraz unikanie zgromadze\u0144 b\u0119d\u0105 niezb\u0119dne. Zdrowia i dzielno\u015bci! &nbsp; Pe\u0142na tre\u015b\u0107 informacji na Facebook.<\/p>\n","protected":false},"author":1,"featured_media":2380,"comment_status":"closed","ping_status":"open","sticky":false,"template":"","format":"standard","meta":{"_et_pb_use_builder":"","_et_pb_old_content":"","_et_gb_content_width":"","cybocfi_hide_featured_image":"","footnotes":""},"categories":[99,1004],"tags":[1028,323,1022,1024,1026,215,259,237],"class_list":["post-3091","post","type-post","status-publish","format-standard","has-post-thumbnail","hentry","category-aktualnosci","category-zarzadzanie-kryzysowe","tag-koronawirusa","tag-nowe","tag-przepisy","tag-rozprzestrzenianiem","tag-sie","tag-w","tag-z","tag-zwiazku","high-contrast"],"_links":{"self":[{"href":"https:\/\/umtykocin.pl\/mieszkaniec\/wp-json\/wp\/v2\/posts\/3091","targetHints":{"allow":["GET"]}}],"collection":[{"href":"https:\/\/umtykocin.pl\/mieszkaniec\/wp-json\/wp\/v2\/posts"}],"about":[{"href":"https:\/\/umtykocin.pl\/mieszkaniec\/wp-json\/wp\/v2\/types\/post"}],"author":[{"embeddable":true,"href":"https:\/\/umtykocin.pl\/mieszkaniec\/wp-json\/wp\/v2\/users\/1"}],"replies":[{"embeddable":true,"href":"https:\/\/umtykocin.pl\/mieszkaniec\/wp-json\/wp\/v2\/comments?post=3091"}],"version-history":[{"count":3,"href":"https:\/\/umtykocin.pl\/mieszkaniec\/wp-json\/wp\/v2\/posts\/3091\/revisions"}],"predecessor-version":[{"id":3099,"href":"https:\/\/umtykocin.pl\/mieszkaniec\/wp-json\/wp\/v2\/posts\/3091\/revisions\/3099"}],"wp:featuredmedia":[{"embeddable":true,"href":"https:\/\/umtykocin.pl\/mieszkaniec\/wp-json\/wp\/v2\/media\/2380"}],"wp:attachment":[{"href":"https:\/\/umtykocin.pl\/mieszkaniec\/wp-json\/wp\/v2\/media?parent=3091"}],"wp:term":[{"taxonomy":"category","embeddable":true,"href":"https:\/\/umtykocin.pl\/mieszkaniec\/wp-json\/wp\/v2\/categories?post=3091"},{"taxonomy":"post_tag","embeddable":true,"href":"https:\/\/umtykocin.pl\/mieszkaniec\/wp-json\/wp\/v2\/tags?post=3091"}],"curies":[{"name":"wp","href":"https:\/\/api.w.org\/{rel}","templated":true}]}}