{"id":3094,"date":"2020-03-14T14:01:29","date_gmt":"2020-03-14T13:01:29","guid":{"rendered":"http:\/\/umtykocin.pl\/mieszkaniec\/?p=3094"},"modified":"2020-03-14T14:01:29","modified_gmt":"2020-03-14T13:01:29","slug":"w-przypadku-podejrzenia-koronawirusa-zadzwon-do-sanepidu-lub-do-najblizszego-oddzialu-zakaznego","status":"publish","type":"post","link":"https:\/\/umtykocin.pl\/mieszkaniec\/w-przypadku-podejrzenia-koronawirusa-zadzwon-do-sanepidu-lub-do-najblizszego-oddzialu-zakaznego\/","title":{"rendered":"W przypadku podejrzenia koronawirusa &#8211; zadzwo\u0144 do Sanepidu lub do najbli\u017cszego oddzia\u0142u zaka\u017anego"},"content":{"rendered":"<h4>Przypominamy, w sytuacji podejrzenia koronawirusa, nale\u017cy zadzwoni\u0107 do Sanepidu lub do najbli\u017cszego oddzia\u0142u zaka\u017anego.<\/h4>\n<p><a href=\"http:\/\/umtykocin.pl\/mieszkaniec\/wp-content\/uploads\/sites\/4\/2020\/03\/sanepid.jpg\"><img loading=\"lazy\" decoding=\"async\" class=\"aligncenter size-full wp-image-3095\" src=\"http:\/\/umtykocin.pl\/mieszkaniec\/wp-content\/uploads\/sites\/4\/2020\/03\/sanepid.jpg\" alt=\"\" width=\"743\" height=\"960\" srcset=\"http:\/\/umtykocin.pl\/mieszkaniec\/wp-content\/uploads\/sites\/4\/2020\/03\/sanepid.jpg 743w, http:\/\/umtykocin.pl\/mieszkaniec\/wp-content\/uploads\/sites\/4\/2020\/03\/sanepid-480x620.jpg 480w\" sizes=\"(min-width: 0px) and (max-width: 480px) 480px, (min-width: 481px) 743px, 100vw\" \/><\/a><\/p>\n<p>Link do <a href=\"https:\/\/www.facebook.com\/Podlaskie24\/photos\/a.1750952941682160\/2591814764262636\/?type=3&amp;theater\" target=\"_blank\" rel=\"noopener noreferrer\">Facebooka<\/a>.<\/p>\n","protected":false},"excerpt":{"rendered":"<p>Przypominamy, w sytuacji podejrzenia koronawirusa, nale\u017cy zadzwoni\u0107 do Sanepidu lub do najbli\u017cszego oddzia\u0142u zaka\u017anego. Link do Facebooka.<\/p>\n","protected":false},"author":1,"featured_media":2772,"comment_status":"closed","ping_status":"open","sticky":false,"template":"","format":"standard","meta":{"_et_pb_use_builder":"","_et_pb_old_content":"","_et_gb_content_width":"","cybocfi_hide_featured_image":"","footnotes":""},"categories":[99,1004],"tags":[291,193,1028,1038,1040,1042,1032,1030,1036,215,1034,1044],"class_list":["post-3094","post","type-post","status-publish","format-standard","has-post-thumbnail","hentry","category-aktualnosci","category-zarzadzanie-kryzysowe","tag-291","tag-do","tag-koronawirusa","tag-lub","tag-najblizszego","tag-oddzialu","tag-podejrzenia","tag-przypadku","tag-sanepidu","tag-w","tag-zadzwon","tag-zakaznego","high-contrast"],"_links":{"self":[{"href":"https:\/\/umtykocin.pl\/mieszkaniec\/wp-json\/wp\/v2\/posts\/3094","targetHints":{"allow":["GET"]}}],"collection":[{"href":"https:\/\/umtykocin.pl\/mieszkaniec\/wp-json\/wp\/v2\/posts"}],"about":[{"href":"https:\/\/umtykocin.pl\/mieszkaniec\/wp-json\/wp\/v2\/types\/post"}],"author":[{"embeddable":true,"href":"https:\/\/umtykocin.pl\/mieszkaniec\/wp-json\/wp\/v2\/users\/1"}],"replies":[{"embeddable":true,"href":"https:\/\/umtykocin.pl\/mieszkaniec\/wp-json\/wp\/v2\/comments?post=3094"}],"version-history":[{"count":2,"href":"https:\/\/umtykocin.pl\/mieszkaniec\/wp-json\/wp\/v2\/posts\/3094\/revisions"}],"predecessor-version":[{"id":3097,"href":"https:\/\/umtykocin.pl\/mieszkaniec\/wp-json\/wp\/v2\/posts\/3094\/revisions\/3097"}],"wp:featuredmedia":[{"embeddable":true,"href":"https:\/\/umtykocin.pl\/mieszkaniec\/wp-json\/wp\/v2\/media\/2772"}],"wp:attachment":[{"href":"https:\/\/umtykocin.pl\/mieszkaniec\/wp-json\/wp\/v2\/media?parent=3094"}],"wp:term":[{"taxonomy":"category","embeddable":true,"href":"https:\/\/umtykocin.pl\/mieszkaniec\/wp-json\/wp\/v2\/categories?post=3094"},{"taxonomy":"post_tag","embeddable":true,"href":"https:\/\/umtykocin.pl\/mieszkaniec\/wp-json\/wp\/v2\/tags?post=3094"}],"curies":[{"name":"wp","href":"https:\/\/api.w.org\/{rel}","templated":true}]}}