{"id":3115,"date":"2020-03-16T10:48:10","date_gmt":"2020-03-16T09:48:10","guid":{"rendered":"http:\/\/umtykocin.pl\/mieszkaniec\/?p=3115"},"modified":"2020-03-16T10:48:10","modified_gmt":"2020-03-16T09:48:10","slug":"rozporzadzenie-ministra-spraw-wewnetrznych-i-administracji-z-dnia-13-marca-2020-r-w-sprawie-czasowego-zawieszenia-lub-ograniczenia-ruchu-granicznego-na-okreslonych-przejsciach-granicznych","status":"publish","type":"post","link":"https:\/\/umtykocin.pl\/mieszkaniec\/rozporzadzenie-ministra-spraw-wewnetrznych-i-administracji-z-dnia-13-marca-2020-r-w-sprawie-czasowego-zawieszenia-lub-ograniczenia-ruchu-granicznego-na-okreslonych-przejsciach-granicznych\/","title":{"rendered":"Rozporz\u0105dzenie Ministra Spraw Wewn\u0119trznych i Administracji z dnia 13 marca 2020 r. w sprawie czasowego zawieszenia lub ograniczenia ruchu granicznego na okre\u015blonych przej\u015bciach granicznych."},"content":{"rendered":"<h1 style=\"text-align: center\"><strong>ROZPORZ\u0104DZENIE<\/strong><\/h1>\n<p>&nbsp;<\/p>\n<h1 style=\"text-align: center\"><strong>MINISTRA SPRAW WEWN\u0118TRZNYCH I ADMINISTRACJI\u00a0<\/strong><\/h1>\n<h1 style=\"text-align: center\">\n<strong>z dnia 13 marca 2020 r.<\/strong><\/h1>\n<h3><\/h3>\n<h3 style=\"text-align: center\">\n<strong>w sprawie czasowego zawieszenia lub ograniczenia ruchu granicznego na okre\u015blonych przej\u015bciach granicznych<\/strong><\/h3>\n<p>&nbsp;<\/p>\n<p>Na podstawie art. 16 ust. 3 pkt 2 ustawy z dnia 12 pa\u017adziernika 1990 r. o ochronie granicy pa\u0144stwowej (Dz. U. z 2019 r. poz. 1776) zarz\u0105dza si\u0119, co nast\u0119puje:<\/p>\n<p>\u00a7 1. Zawiesza si\u0119 od dnia 15 marca 2020 r. od godz. 0.00 do odwo\u0142ania ruch graniczny na przej\u015bciach granicznych z Federacj\u0105 Rosyjsk\u0105, Republik\u0105 Bia\u0142oru\u015b oraz Ukrain\u0105, kt\u00f3rych wykaz okre\u015blony jest w za\u0142\u0105czniku nr 1 do rozporz\u0105dzenia.<br \/>\n\u00a7 2. Ogranicza si\u0119 od dnia 15 marca 2020 r. od godz. 0.00 do odwo\u0142ania ruch graniczny na przej\u015bciach granicznych z Federacj\u0105 Rosyjsk\u0105, Republik\u0105 Bia\u0142oru\u015b oraz Ukrain\u0105, kt\u00f3rych wykaz, wraz z rodzajem ruchu granicznego dozwolonego przez te przej\u015bcia, okre\u015blony jest w za\u0142\u0105czniku nr 2 do rozporz\u0105dzenia.<br \/>\n\u00a7 3. 1. Ogranicza si\u0119 od dnia 15 marca 2020 r. od godz. 0.00 do odwo\u0142ania ruch graniczny na przej\u015bciach granicznych z Republik\u0105 Federaln\u0105 Niemiec, Republik\u0105 Czesk\u0105, Republik\u0105 Litewsk\u0105, Republik\u0105 S\u0142owack\u0105 oraz w lotniczych i morskich przej\u015bciach granicznych.<br \/>\n2. Ograniczenie, o kt\u00f3rym mowa w ust. 1, polega na ograniczeniu ruchu osobowego na przej\u015bciach granicznych, na kierunku wjazdowym do Rzeczypospolitej Polskiej, do nast\u0119puj\u0105cych kategorii os\u00f3b przekraczaj\u0105cych granic\u0119 pa\u0144stwow\u0105 w lotniczych i morskich przej\u015bciach granicznych oraz przekraczaj\u0105cych granic\u0119 pa\u0144stwow\u0105 samochodami osobowymi w drogowych przej\u015bciach granicznych:<\/p>\n<p>1) obywatele Rzeczypospolitej Polskiej;<br \/>\n2) cudzoziemcy, kt\u00f3rzy s\u0105 ma\u0142\u017conkami albo dzie\u0107mi obywateli Rzeczypospolitej Polskiej albo pozostaj\u0105 pod sta\u0142\u0105 opiek\u0105<br \/>\nobywateli Rzeczypospolitej Polskiej;<br \/>\n3) cudzoziemcy posiadaj\u0105cy Kart\u0119 Polaka;<br \/>\n4) szefowie misji dyplomatycznych oraz cz\u0142onkowie personelu dyplomatyczno-konsularnego misji, czyli osoby posiadaj\u0105ce<br \/>\nstopie\u0144 dyplomatyczny oraz cz\u0142onkowie ich rodzin;<br \/>\n5) cudzoziemcy posiadaj\u0105cy prawo sta\u0142ego lub czasowego pobytu na terytorium Rzeczypospolitej Polskiej;<br \/>\n6) cudzoziemcy posiadaj\u0105cy prawo do pracy na terytorium Rzeczypospolitej Polskiej, tj. cudzoziemcy uprawnieni do<br \/>\nwykonywania pracy na takich samych zasadach co obywatele polscy, posiadaj\u0105cy zezwolenie na prac\u0119, zezwolenie na<br \/>\nprac\u0119 sezonow\u0105, o\u015bwiadczenie o powierzeniu wykonywania pracy cudzoziemcowi na terytorium Rzeczypospolitej<br \/>\nPolskiej;<\/p>\n<p>7) w szczeg\u00f3lnie uzasadnionych przypadkach, nieuwzgl\u0119dnionych powy\u017cej, komendant plac\u00f3wki Stra\u017cy Granicznej, po uzyskaniu zgody Komendanta G\u0142\u00f3wnego Stra\u017cy Granicznej, mo\u017ce zezwoli\u0107 cudzoziemcowi na wjazd na terytorium Rzeczypospolitej Polskiej w trybie okre\u015blonym w ustawie z dnia 12 grudnia 2013 r. o cudzoziemcach (Dz. U. z 2020 r. poz. 35);<br \/>\n8) cudzoziemcy, kt\u00f3rzy prowadz\u0105 \u015brodek transportu s\u0142u\u017c\u0105cy do przewozu towar\u00f3w.<br \/>\n\u00a7 4. Rozporz\u0105dzenie wchodzi w \u017cycie z dniem og\u0142oszenia.<\/p>\n<p style=\"text-align: right\">\n<strong>Minister Spraw Wewn\u0119trznych i Administracji: M. Kami\u0144ski<\/strong><\/p>\n<p>&nbsp;<\/p>\n<p><a href=\"http:\/\/umtykocin.pl\/mieszkaniec\/wp-content\/uploads\/sites\/4\/2020\/03\/Rozporz\u0105dzenie-Ministra-Spraw-Wewn\u0119trznych-i-Administracji-z-dnia-13-marca-2020-r.-w-spr.-czasowego-zawieszenia-lub-ograniczenia-ruchu-granicznego.pdf\" target=\"_blank\" rel=\"noopener noreferrer\">PDF &#8211; Rozporz\u0105dzenie Ministra Spraw Wewn\u0119trznych i Administracji z dnia 13 marca 2020 r. w spr. czasowego zawieszenia lub ograniczenia ruchu granicznego<\/a><\/p>\n","protected":false},"excerpt":{"rendered":"<p>ROZPORZ\u0104DZENIE &nbsp; MINISTRA SPRAW WEWN\u0118TRZNYCH I ADMINISTRACJI\u00a0 z dnia 13 marca 2020 r. w sprawie czasowego zawieszenia lub ograniczenia ruchu granicznego na okre\u015blonych przej\u015bciach granicznych &nbsp; Na podstawie art. 16 ust. 3 pkt 2 ustawy z dnia 12 pa\u017adziernika 1990 r. o ochronie granicy pa\u0144stwowej (Dz. U. z 2019 r. poz. 1776) zarz\u0105dza si\u0119, co [&hellip;]<\/p>\n","protected":false},"author":1,"featured_media":3116,"comment_status":"closed","ping_status":"open","sticky":false,"template":"","format":"standard","meta":{"_et_pb_use_builder":"","_et_pb_old_content":"","_et_gb_content_width":"","cybocfi_hide_featured_image":"","footnotes":""},"categories":[99,1004],"tags":[201,205,1080,1082,279,1088,1094,247,1038,563,1076,343,1084,1090,1092,891,1086,669,453,215,1078,259,897],"class_list":["post-3115","post","type-post","status-publish","format-standard","has-post-thumbnail","hentry","category-aktualnosci","category-zarzadzanie-kryzysowe","tag-201","tag-2020-r","tag-administracji","tag-czasowego","tag-dnia","tag-granicznego","tag-granicznych","tag-i","tag-lub","tag-marca","tag-ministra","tag-na","tag-ograniczenia","tag-okreslonych","tag-przejsciach","tag-rozporzadzenie","tag-ruchu","tag-spraw","tag-sprawie","tag-w","tag-wewnetrznych","tag-z","tag-zawieszenia","high-contrast"],"_links":{"self":[{"href":"https:\/\/umtykocin.pl\/mieszkaniec\/wp-json\/wp\/v2\/posts\/3115","targetHints":{"allow":["GET"]}}],"collection":[{"href":"https:\/\/umtykocin.pl\/mieszkaniec\/wp-json\/wp\/v2\/posts"}],"about":[{"href":"https:\/\/umtykocin.pl\/mieszkaniec\/wp-json\/wp\/v2\/types\/post"}],"author":[{"embeddable":true,"href":"https:\/\/umtykocin.pl\/mieszkaniec\/wp-json\/wp\/v2\/users\/1"}],"replies":[{"embeddable":true,"href":"https:\/\/umtykocin.pl\/mieszkaniec\/wp-json\/wp\/v2\/comments?post=3115"}],"version-history":[{"count":6,"href":"https:\/\/umtykocin.pl\/mieszkaniec\/wp-json\/wp\/v2\/posts\/3115\/revisions"}],"predecessor-version":[{"id":3123,"href":"https:\/\/umtykocin.pl\/mieszkaniec\/wp-json\/wp\/v2\/posts\/3115\/revisions\/3123"}],"wp:featuredmedia":[{"embeddable":true,"href":"https:\/\/umtykocin.pl\/mieszkaniec\/wp-json\/wp\/v2\/media\/3116"}],"wp:attachment":[{"href":"https:\/\/umtykocin.pl\/mieszkaniec\/wp-json\/wp\/v2\/media?parent=3115"}],"wp:term":[{"taxonomy":"category","embeddable":true,"href":"https:\/\/umtykocin.pl\/mieszkaniec\/wp-json\/wp\/v2\/categories?post=3115"},{"taxonomy":"post_tag","embeddable":true,"href":"https:\/\/umtykocin.pl\/mieszkaniec\/wp-json\/wp\/v2\/tags?post=3115"}],"curies":[{"name":"wp","href":"https:\/\/api.w.org\/{rel}","templated":true}]}}