{"id":3124,"date":"2020-03-16T10:57:33","date_gmt":"2020-03-16T09:57:33","guid":{"rendered":"http:\/\/umtykocin.pl\/mieszkaniec\/?p=3124"},"modified":"2020-03-16T10:57:33","modified_gmt":"2020-03-16T09:57:33","slug":"rozporzadzenie-ministra-zdrowia-z-dnia-13-marca-2020-r-w-sprawie-ogloszenia-na-obszarze-rzeczypospolitej-polskiej-stanu-zagrozenia-epidemicznego","status":"publish","type":"post","link":"https:\/\/umtykocin.pl\/mieszkaniec\/rozporzadzenie-ministra-zdrowia-z-dnia-13-marca-2020-r-w-sprawie-ogloszenia-na-obszarze-rzeczypospolitej-polskiej-stanu-zagrozenia-epidemicznego\/","title":{"rendered":"Rozporz\u0105dzenie Ministra Zdrowia z dnia 13 marca 2020 r. w sprawie og\u0142oszenia na obszarze Rzeczypospolitej Polskiej stanu zagro\u017cenia epidemicznego"},"content":{"rendered":"<h1 style=\"text-align: center\"><strong>ROZPORZ\u0104DZENIE<\/strong><br \/>\n<strong>MINISTRA ZDROWIA<\/strong><\/h1>\n<h1 style=\"text-align: center\">\n<strong>z dnia 13 marca 2020 r.<\/strong><\/h1>\n<h3 style=\"text-align: center\">\n<strong>w sprawie og\u0142oszenia na obszarze Rzeczypospolitej Polskiej stanu zagro\u017cenia epidemicznego<\/strong><\/h3>\n<p>&nbsp;<\/p>\n<p>Na podstawie art. 46 ust. 2 i 4 ustawy z dnia 5 grudnia 2008 r. o zapobieganiu oraz zwalczaniu zaka\u017ce\u0144 i chor\u00f3b zaka\u017anych u ludzi (Dz. U. z 2019 r. poz. 1239 i 1495 oraz z 2020 r. poz. 284, 322 i 374) zarz\u0105dza si\u0119, co nast\u0119puje:<\/p>\n<p><strong>Rozdzia\u0142 1<\/strong><\/p>\n<p>Przepisy og\u00f3lne<br \/>\n\u00a7 1. W okresie od dnia 14 marca 2020 r. do odwo\u0142ania na obszarze Rzeczypospolitej Polskiej og\u0142asza si\u0119 stan zagro\u017cenia epidemicznego w zwi\u0105zku z zaka\u017ceniami wirusem SARS-CoV-2.<\/p>\n<p><strong>Rozdzia\u0142 2<\/strong><\/p>\n<p>Ograniczenia okre\u015blonego sposobu przemieszczania si\u0119<br \/>\n\u00a7 2. 1. W okresie od dnia 15 marca 2020 r. do odwo\u0142ania wstrzymuje si\u0119 przemieszczanie si\u0119 pasa\u017cer\u00f3w w transporcie kolejowym wykonywanym z przekroczeniem granicy Rzeczypospolitej Polskiej.<br \/>\n2. W okresie, o kt\u00f3rym mowa w ust. 1, osoba przekraczaj\u0105ca granic\u0119 pa\u0144stwow\u0105, w celu udania si\u0119 do swojego miejsca zamieszkania lub pobytu na terytorium Rzeczypospolitej Polskiej, jest obowi\u0105zana:<br \/>\n1) przekaza\u0107 funkcjonariuszowi Stra\u017cy Granicznej, o kt\u00f3rym mowa w ustawie z dnia 12 pa\u017adziernika 1990 r. o Stra\u017cy Granicznej (Dz. U. z 2020 r. poz. 305), informacj\u0119 o:<br \/>\na) adresie miejsca zamieszkania lub pobytu, w kt\u00f3rym b\u0119dzie odbywa\u0107 obowi\u0105zkow\u0105 kwarantann\u0119, o kt\u00f3rej mowa w przepisach wydanych na podstawie art. 34 ust. 5 ustawy z dnia 5 grudnia 2008 r. o zapobieganiu oraz zwalczaniu zaka\u017ce\u0144 i chor\u00f3b zaka\u017anych u ludzi,<br \/>\nb) numerze telefonu do kontaktu z t\u0105 osob\u0105;<br \/>\n2) odby\u0107, po przekroczeniu granicy pa\u0144stwowej, obowi\u0105zkow\u0105 kwarantann\u0119, o kt\u00f3rej mowa w przepisach wydanych na podstawie art. 34 ust. 5 ustawy z dnia 5 grudnia 2008 r. o zapobieganiu oraz zwalczaniu zaka\u017ce\u0144 i chor\u00f3b zaka\u017anych u ludzi, trwaj\u0105c\u0105 14 dni licz\u0105c od dnia nast\u0119puj\u0105cego po przekroczeniu tej granicy.<br \/>\n3. Informacj\u0119, o kt\u00f3rej mowa w ust. 2 pkt 1, wraz z innymi danymi osoby, kt\u00f3ra j\u0105 przekaza\u0142a, pozyskanymi w ramach kontroli, Stra\u017c Graniczna udost\u0119pnia organom Pa\u0144stwowej Inspekcji Sanitarnej.<br \/>\n4. Obowi\u0105zek, o kt\u00f3rym mowa w ust. 2 pkt 2, jest r\u00f3wnowa\u017cny z obowi\u0105zkiem wynikaj\u0105cym z art. 34 ust. 2 ustawy z dnia 5 grudnia 2008 r. o zapobieganiu oraz zwalczaniu zaka\u017ce\u0144 i chor\u00f3b zaka\u017anych u ludzi. Decyzji organu inspekcji sanitarnej nie wydaje si\u0119.<\/p>\n<p>5. Obowi\u0105zku, o kt\u00f3rym mowa w ust. 2 pkt 2, nie stosuje si\u0119 w przypadku przekraczania granicy Rzeczypospolitej Polskiej w ramach wykonywania czynno\u015bci zawodowych w pa\u0144stwie s\u0105siaduj\u0105cym przez osob\u0119 wykonuj\u0105c\u0105 czynno\u015bci zawodowe w tym pa\u0144stwie, w tym b\u0119d\u0105c\u0105 kierowc\u0105 obs\u0142uguj\u0105cym pojazd samochodowy w transporcie drogowym.<\/p>\n<p><strong>Rozdzia\u0142 3<\/strong><\/p>\n<p>Ograniczenia lub zakaz obrotu i u\u017cywania okre\u015blonych przedmiot\u00f3w<br \/>\n\u00a7 3. W okresie, o kt\u00f3rym mowa w \u00a7 1, zakazuje si\u0119 wywozu lub zbywania poza terytorium Rzeczypospolitej Polskiej respirator\u00f3w oraz kardiomonitor\u00f3w.<br \/>\n\u00a7 4. 1. W okresie, o kt\u00f3rym mowa w \u00a7 1, nie p\u00f3\u017aniej ni\u017c na 24 godziny przed zamiarem wywozu lub zbycia poza terytorium Rzeczypospolitej Polskiej nast\u0119puj\u0105cych produkt\u00f3w:<br \/>\n1) gogli ochronnych,<br \/>\n2) kombinezon\u00f3w typu TYVEK,<br \/>\n3) masek typu FFP2\/FFP3,<br \/>\n4) maseczek chirurgicznych,<br \/>\n5) ochraniaczy na buty (obuwie),<br \/>\n6) r\u0119kawiczek lateksowych,<br \/>\n7) r\u0119kawiczek nitrylowych,<br \/>\n8) \u015brodk\u00f3w do dezynfekcji r\u0105k, powierzchni i pomieszcze\u0144<br \/>\n\u2013 przedsi\u0119biorca w rozumieniu przepis\u00f3w ustawy z dnia 6 marca 2018 r. \u2013 Prawo przedsi\u0119biorc\u00f3w (Dz. U. z 2019 r. poz. 1292 i 1495 oraz z 2020 r. poz. 424) ma obowi\u0105zek powiadomi\u0107 o tym wojewod\u0119 w\u0142a\u015bciwego dla siedziby albo miejsca zamieszkania tego przedsi\u0119biorcy.<br \/>\n2. Informacja o zamiarze wywozu lub zbycia, o kt\u00f3rym mowa w ust. 1, zawiera wykaz oraz ilo\u015b\u0107 produkt\u00f3w. Informacj\u0119 t\u0119 wojewoda niezw\u0142ocznie przekazuje ministrowi w\u0142a\u015bciwemu do spraw zdrowia.<\/p>\n<p><strong>Rozdzia\u0142 4<\/strong><\/p>\n<p>Ograniczenia funkcjonowania okre\u015blonych instytucji lub zak\u0142ad\u00f3w pracy<br \/>\n\u00a7 5. 1. W okresie, o kt\u00f3rym mowa w \u00a7 1, ustanawia si\u0119 czasowe ograniczenie:<br \/>\n1) prowadzenia przez przedsi\u0119biorc\u00f3w w rozumieniu przepis\u00f3w ustawy z dnia 6 marca 2018 r. \u2013 Prawo przedsi\u0119biorc\u00f3w oraz przez inne podmioty dzia\u0142alno\u015bci:<br \/>\na) polegaj\u0105cej na przygotowywaniu i podawaniu posi\u0142k\u00f3w i napoj\u00f3w go\u015bciom siedz\u0105cym przy sto\u0142ach lub go\u015bciom dokonuj\u0105cym w\u0142asnego wyboru potraw z wystawionego menu, spo\u017cywanych na miejscu (uj\u0119tej w Polskiej Klasyfikacji Dzia\u0142alno\u015bci w podklasie 56.10.A), z wy\u0142\u0105czeniem realizacji us\u0142ug polegaj\u0105cych na przygotowywaniu i po-dawaniu \u017cywno\u015bci na wynos lub jej przygotowywaniu i dostarczaniu oraz dzia\u0142alno\u015bci restauracyjnej lub barowej prowadzonej w \u015brodkach transportu, wykonywanej przez oddzielne jednostki,<br \/>\nb) zwi\u0105zanej z organizacj\u0105, promocj\u0105 lub zarz\u0105dzaniem imprezami, takimi jak targi, wystawy, kongresy, konferencje, spotkania, w\u0142\u0105czaj\u0105c dzia\u0142alno\u015bci polegaj\u0105ce na zarz\u0105dzaniu i dostarczaniu pracownik\u00f3w do obs\u0142ugi teren\u00f3w i obiekt\u00f3w, w kt\u00f3rych te imprezy maj\u0105 miejsce (uj\u0119tej w Polskiej Klasyfikacji Dzia\u0142alno\u015bci w podklasie 82.30.Z),<br \/>\nc) tw\u00f3rczej zwi\u0105zanej z wszelkimi zbiorowymi formami kultury i rozrywki (uj\u0119tej w Polskiej Klasyfikacji Dzia\u0142alno\u015bci w dziale 90.0),<br \/>\nd) zwi\u0105zanej ze sportem, rozrywkowej i rekreacyjnej (uj\u0119tej w Polskiej Klasyfikacji Dzia\u0142alno\u015bci w dziale 93.0), w szczeg\u00f3lno\u015bci polegaj\u0105cej na prowadzeniu miejsc spotka\u0144, klub\u00f3w, w tym klub\u00f3w tanecznych i klub\u00f3w nocnych oraz basen\u00f3w, si\u0142owni, klub\u00f3w fitness,<br \/>\ne) zwi\u0105zanej z projekcj\u0105 film\u00f3w lub nagra\u0144 wideo w kinach, na otwartym powietrzu lub w pozosta\u0142ych miejscach oraz dzia\u0142alno\u015bci klub\u00f3w filmowych (uj\u0119tej w Polskiej Klasyfikacji Dzia\u0142alno\u015bci w podklasie 59.14.Z),<br \/>\nf) zwi\u0105zanej z konsumpcj\u0105 i podawaniem napoj\u00f3w (uj\u0119tej w Polskiej Klasyfikacji Dzia\u0142alno\u015bci w podklasie 56.30),<br \/>\ng) zwi\u0105zanej z prowadzeniem obiekt\u00f3w noclegowych turystycznych i miejsc kr\u00f3tkotrwa\u0142ego zakwaterowania (uj\u0119tej w Polskiej Klasyfikacji Dzia\u0142alno\u015bci w podklasie 55.20),<\/p>\n<p>h) zwi\u0105zanej z prowadzeniem kasyn, z wy\u0142\u0105czeniem kasyn internetowych;<br \/>\n2) dzia\u0142alno\u015bci bibliotek, archiw\u00f3w, muze\u00f3w oraz pozosta\u0142ej dzia\u0142alno\u015bci zwi\u0105zanej z kultur\u0105 (uj\u0119tej w Polskiej Klasyfikacji Dzia\u0142alno\u015bci w dziale 91.0);<br \/>\n3) dzia\u0142alno\u015bci w zakresie lecznictwa uzdrowiskowego, o kt\u00f3rym mowa w art. 2 pkt 1 ustawy z dnia 28 lipca 2005 r. o lecznictwie uzdrowiskowym, uzdrowiskach i obszarach ochrony uzdrowiskowej oraz o gminach uzdrowiskowych (Dz. U. z 2017 r. poz. 1056, z 2019 r. poz. 1815 oraz z 2020 r. poz. 284);<br \/>\n4) sprawowania kultu religijnego w miejscach publicznych, w tym w budynkach i innych obiektach kultu religijnego.<br \/>\n2. W okresie, o kt\u00f3rym mowa w \u00a7 1, w obiektach handlowych o powierzchni sprzeda\u017cy powy\u017cej 2000 m2 ustanawia si\u0119 czasowe ograniczenie:<br \/>\n1) handlu detalicznego najemcom powierzchni handlowej, kt\u00f3rych przewa\u017caj\u0105ca dzia\u0142alno\u015b\u0107 polega na handlu:<br \/>\na) wyrobami tekstylnymi,<br \/>\nb) wyrobami odzie\u017cowymi,<br \/>\nc) obuwiem i wyrobami sk\u00f3rzanymi,<br \/>\nd) meblami i sprz\u0119tem o\u015bwietleniowym,<br \/>\ne) sprz\u0119tem radiowo-telewizyjnym lub sprz\u0119tem gospodarstwa domowego,<br \/>\nf) artyku\u0142ami pi\u015bmiennymi i ksi\u0119garskimi;<br \/>\n2) prowadzenia dzia\u0142alno\u015bci gastronomicznej i rozrywkowej.<br \/>\n\u00a7 6. 1. Ograniczenia, o kt\u00f3rych mowa w \u00a7 5 ust. 1:<br \/>\n1) pkt 1 i 2, polegaj\u0105 na ca\u0142kowitym zakazie prowadzenia wymienionych w tych przepisach rodzaj\u00f3w dzia\u0142alno\u015bci;<br \/>\n2) pkt 3, polegaj\u0105 na nieudzielaniu pacjentom \u015bwiadcze\u0144 opieki zdrowotnej;<br \/>\n3) pkt 4, polegaj\u0105 na konieczno\u015bci zapewnienia, aby w trakcie sprawowania kultu religijnego na danym terenie lub w danym obiekcie nie znajdowa\u0142o si\u0119 \u0142\u0105cznie, zar\u00f3wno wewn\u0105trz i na zewn\u0105trz pomieszcze\u0144, nie wi\u0119cej ni\u017c 50 os\u00f3b, wliczaj\u0105c w to uczestnik\u00f3w i osoby sprawuj\u0105ce kult religijny.<br \/>\n2. Ograniczenie, o kt\u00f3rym mowa w \u00a7 5 ust. 2, polega na ca\u0142kowitym zakazie prowadzenia wymienionych w tym przepisie rodzaj\u00f3w dzia\u0142alno\u015bci.<br \/>\n\u00a7 7. 1. W okresie, o kt\u00f3rym mowa w \u00a7 1, podmioty udzielaj\u0105ce \u015bwiadcze\u0144 opieki zdrowotnej za po\u015brednictwem system\u00f3w teleinformatycznych lub system\u00f3w \u0142\u0105czno\u015bci potwierdzaj\u0105 to\u017csamo\u015b\u0107 \u015bwiadczeniobiorcy, o kt\u00f3rym mowa w art. 50 ust. 2 pkt 1 ustawy z dnia 27 sierpnia 2004 r. o \u015bwiadczeniach opieki zdrowotnej finansowanych ze \u015brodk\u00f3w publicznych (Dz. U. z 2019 r. poz. 1373, z p\u00f3\u017an. zm.2)), na podstawie danych przekazanych przez tego \u015bwiadczeniobiorc\u0119 za po\u015brednictwem tych system\u00f3w, w tym przez telefon.<br \/>\n2. W razie niepotwierdzenia prawa \u015bwiadczeniobiorcy do \u015bwiadcze\u0144 opieki zdrowotnej w spos\u00f3b okre\u015blony w art. 50 ust. 1 lub 3 ustawy z dnia 27 sierpnia 2004 r. o \u015bwiadczeniach opieki zdrowotnej finansowanych ze \u015brodk\u00f3w publicznych, \u015bwiadczeniobiorca mo\u017ce z\u0142o\u017cy\u0107 o\u015bwiadczenie o przys\u0142uguj\u0105cym mu prawie do \u015bwiadcze\u0144 opieki zdrowotnej za po\u015brednictwem system\u00f3w, o kt\u00f3rych mowa w ust. 1, w tym przez telefon. Przepis\u00f3w art. 50 ust. 6, 8 i 10 ustawy z dnia 27 sierpnia 2004 r. o \u015bwiadczeniach opieki zdrowotnej finansowanych ze \u015brodk\u00f3w publicznych nie stosuje si\u0119.<br \/>\n3. W okresie, o kt\u00f3rym mowa w \u00a7 1, wym\u00f3g, o kt\u00f3rym mowa w art. 20 ust. 2a pkt 1 ustawy z dnia 27 sierpnia 2004 r. o \u015bwiadczeniach opieki zdrowotnej finansowanych ze \u015brodk\u00f3w publicznych, dostarczenia orygina\u0142u skierowania nie p\u00f3\u017aniej ni\u017c w terminie 14 dni roboczych od dnia wpisania na list\u0119 oczekuj\u0105cych na udzielenie \u015bwiadczenia nie ma zastosowania.<br \/>\n4. \u015awiadczeniobiorca ma obowi\u0105zek dostarczy\u0107 \u015bwiadczeniodawcy orygina\u0142 skierowania w terminie 21 dni od dnia zako\u0144czenia okresu, o kt\u00f3rym mowa w \u00a7 1, jednak\u017ce nie p\u00f3\u017aniej ni\u017c w dniu udzielenia \u015bwiadczenia opieki zdrowotnej wykonywanego na podstawie tego skierowania.<br \/>\n\u00a7 8. 1. W okresie, o kt\u00f3rym mowa w \u00a7 1, wykonywanie zada\u0144 przez urz\u0105d administracji publicznej lub jednostk\u0119 organizacyjn\u0105 wykonuj\u0105c\u0105 zadania o charakterze publicznym, mo\u017ce podlega\u0107 ograniczeniu polegaj\u0105cym na wykonywaniu:<br \/>\n1) wy\u0142\u0105cznie zada\u0144 niezb\u0119dnych do zapewnienia pomocy obywatelom;<\/p>\n<p>2) okre\u015blonych zada\u0144 przez ten urz\u0105d lub jednostk\u0119 w spos\u00f3b wy\u0142\u0105czaj\u0105cy bezpo\u015bredni\u0105 obs\u0142ug\u0119 interesant\u00f3w.<br \/>\n2. Decyzj\u0119 o rodzaju i formie wprowadzanych ogranicze\u0144, o kt\u00f3rych mowa w ust. 1, podejmuje kierownik urz\u0119du administracji publicznej lub kieruj\u0105cy jednostk\u0105 organizacyjn\u0105 wykonuj\u0105c\u0105 zadania o charakterze publicznym, zawiadamiaj\u0105c o tych ograniczeniach, w drodze og\u0142oszenia, na stronie podmiotowej urz\u0119du lub jednostki, a tak\u017ce przez wywieszenie og\u0142oszenia w siedzibie urz\u0119du lub jednostki.<\/p>\n<p><strong>Rozdzia\u0142 5<\/strong><\/p>\n<p>Zakaz organizowania widowisk i innych zgromadze\u0144 ludno\u015bci<br \/>\n\u00a7 9. 1. W okresie, o kt\u00f3rym mowa w \u00a7 1, zakazuje si\u0119 organizowania zgromadze\u0144 w rozumieniu art. 3 ustawy z dnia 24 lipca 2015 r. \u2013 Prawo o zgromadzeniach (Dz. U. z 2019 r. poz. 631).<br \/>\n2. Zakazu, o kt\u00f3rym mowa w ust. 1, nie stosuje si\u0119, w przypadku gdy liczba uczestnik\u00f3w zgromadzenia wynosi nie wi\u0119cej ni\u017c 50 os\u00f3b, wliczaj\u0105c w to organizatora i osoby dzia\u0142aj\u0105ce w jego imieniu.<br \/>\nRozdzia\u0142 6<br \/>\nPrzepisy przej\u015bciowe i ko\u0144cowe<br \/>\n\u00a7 10. 1. Podmioty inne ni\u017c podmioty wykonuj\u0105ce dzia\u0142alno\u015b\u0107 lecznicz\u0105 s\u0105 obowi\u0105zane, w terminie do dnia 17 marca 2020 r., przekaza\u0107 wojewodzie w\u0142a\u015bciwemu ze wzgl\u0119du na siedzib\u0119 albo miejsce zamieszkania tego podmiotu, informacj\u0119 o rodzaju i liczbie posiadanego sprz\u0119tu medycznego, o kt\u00f3rym mowa w \u00a7 3.<br \/>\n2. Ograniczenia, o kt\u00f3rym mowa w \u00a7 5 ust. 1 pkt 3, nie stosuje si\u0119 w przypadku gdy udzielanie \u015bwiadcze\u0144 opieki zdrowotnej danemu pacjentowi rozpocz\u0119\u0142o si\u0119 przed dniem 14 marca 2020 r.<br \/>\n\u00a7 11. Rozporz\u0105dzenie wchodzi w \u017cycie z dniem og\u0142oszenia.<\/p>\n<p style=\"text-align: right\">\n<strong>Minister Zdrowia: \u0141. Szumowski<\/strong><\/p>\n<p><a href=\"http:\/\/umtykocin.pl\/mieszkaniec\/wp-content\/uploads\/sites\/4\/2020\/03\/Rozporz\u0105dzenie-Ministra-Zdrowia-z-dnia-13-marca-2020-r.-w-sprawie-og\u0142oszenia-na-obszarze-Rzeczypospolitej-Polskiej-stanu-zagro\u017cenia-epidemicznego.pdf\">PDF &#8211; Rozporz\u0105dzenie Ministra Zdrowia z dnia 13 marca 2020 r. w sprawie og\u0142oszenia na obszarze Rzeczypospolitej Polskiej stanu zagro\u017cenia epidemicznego.<\/a><\/p>\n","protected":false},"excerpt":{"rendered":"<p>ROZPORZ\u0104DZENIE MINISTRA ZDROWIA z dnia 13 marca 2020 r. w sprawie og\u0142oszenia na obszarze Rzeczypospolitej Polskiej stanu zagro\u017cenia epidemicznego &nbsp; Na podstawie art. 46 ust. 2 i 4 ustawy z dnia 5 grudnia 2008 r. o zapobieganiu oraz zwalczaniu zaka\u017ce\u0144 i chor\u00f3b zaka\u017anych u ludzi (Dz. U. z 2019 r. poz. 1239 i 1495 oraz [&hellip;]<\/p>\n","protected":false},"author":1,"featured_media":2829,"comment_status":"closed","ping_status":"open","sticky":false,"template":"","format":"standard","meta":{"_et_pb_use_builder":"","_et_pb_old_content":"","_et_gb_content_width":"","cybocfi_hide_featured_image":"","footnotes":""},"categories":[99,1004],"tags":[201,1098,279,1020,563,1076,343,1102,1100,1106,891,1104,453,1108,259,1018,1096],"class_list":["post-3124","post","type-post","status-publish","format-standard","has-post-thumbnail","hentry","category-aktualnosci","category-zarzadzanie-kryzysowe","tag-201","tag-2020-r-w","tag-dnia","tag-epidemicznego","tag-marca","tag-ministra","tag-na","tag-obszarze","tag-ogloszenia","tag-polskiej","tag-rozporzadzenie","tag-rzeczypospolitej","tag-sprawie","tag-stanu","tag-z","tag-zagrozenia","tag-zdrowia","high-contrast"],"_links":{"self":[{"href":"https:\/\/umtykocin.pl\/mieszkaniec\/wp-json\/wp\/v2\/posts\/3124","targetHints":{"allow":["GET"]}}],"collection":[{"href":"https:\/\/umtykocin.pl\/mieszkaniec\/wp-json\/wp\/v2\/posts"}],"about":[{"href":"https:\/\/umtykocin.pl\/mieszkaniec\/wp-json\/wp\/v2\/types\/post"}],"author":[{"embeddable":true,"href":"https:\/\/umtykocin.pl\/mieszkaniec\/wp-json\/wp\/v2\/users\/1"}],"replies":[{"embeddable":true,"href":"https:\/\/umtykocin.pl\/mieszkaniec\/wp-json\/wp\/v2\/comments?post=3124"}],"version-history":[{"count":2,"href":"https:\/\/umtykocin.pl\/mieszkaniec\/wp-json\/wp\/v2\/posts\/3124\/revisions"}],"predecessor-version":[{"id":3127,"href":"https:\/\/umtykocin.pl\/mieszkaniec\/wp-json\/wp\/v2\/posts\/3124\/revisions\/3127"}],"wp:featuredmedia":[{"embeddable":true,"href":"https:\/\/umtykocin.pl\/mieszkaniec\/wp-json\/wp\/v2\/media\/2829"}],"wp:attachment":[{"href":"https:\/\/umtykocin.pl\/mieszkaniec\/wp-json\/wp\/v2\/media?parent=3124"}],"wp:term":[{"taxonomy":"category","embeddable":true,"href":"https:\/\/umtykocin.pl\/mieszkaniec\/wp-json\/wp\/v2\/categories?post=3124"},{"taxonomy":"post_tag","embeddable":true,"href":"https:\/\/umtykocin.pl\/mieszkaniec\/wp-json\/wp\/v2\/tags?post=3124"}],"curies":[{"name":"wp","href":"https:\/\/api.w.org\/{rel}","templated":true}]}}