{"id":3130,"date":"2020-03-16T11:20:14","date_gmt":"2020-03-16T10:20:14","guid":{"rendered":"http:\/\/umtykocin.pl\/mieszkaniec\/?p=3130"},"modified":"2020-03-16T11:20:14","modified_gmt":"2020-03-16T10:20:14","slug":"rozporzadzenie-ministra-spraw-wewnetrznych-i-administracji-z-dnia-13-marca-2020-r-w-sprawie-przywrocenia-tymczasowo-kontroli-granicznej-osob-przekraczajacych-granice-panstwowa-stanowiaca-granice-wewn","status":"publish","type":"post","link":"https:\/\/umtykocin.pl\/mieszkaniec\/rozporzadzenie-ministra-spraw-wewnetrznych-i-administracji-z-dnia-13-marca-2020-r-w-sprawie-przywrocenia-tymczasowo-kontroli-granicznej-osob-przekraczajacych-granice-panstwowa-stanowiaca-granice-wewn\/","title":{"rendered":"Rozporz\u0105dzenie Ministra Spraw Wewn\u0119trznych i Administracji z dnia 13 marca 2020 r. w sprawie przywr\u00f3cenia tymczasowo kontroli granicznej os\u00f3b przekraczaj\u0105cych granic\u0119 pa\u0144stwow\u0105 stanowi\u0105c\u0105 granic\u0119 wewn\u0119trzn\u0105"},"content":{"rendered":"<h1 style=\"text-align: center\"><strong>ROZPORZ\u0104DZENIE<\/strong><\/h1>\n<h1><\/h1>\n<h1 style=\"text-align: center\">\n<strong>MINISTRA SPRAW WEWN\u0118TRZNYCH I ADMINISTRACJI<\/strong><\/h1>\n<h4><\/h4>\n<h4 style=\"text-align: center\">\n<strong>z dnia 13 marca 2020 r.<\/strong><\/h4>\n<h4><\/h4>\n<h4 style=\"text-align: center\">\n<strong>w sprawie przywr\u00f3cenia tymczasowo kontroli granicznej os\u00f3b przekraczaj\u0105cych granic\u0119 pa\u0144stwow\u0105 stanowi\u0105c\u0105 granic\u0119 wewn\u0119trzn\u0105<\/strong><\/h4>\n<p>&nbsp;<\/p>\n<p>Na podstawie art. 17a ustawy z dnia 12 pa\u017adziernika 1990 r. o ochronie granicy pa\u0144stwowej (Dz. U. z 2019 r. poz. 1776)<br \/>\nzarz\u0105dza si\u0119, co nast\u0119puje:<br \/>\n\u00a7 1. Rozporz\u0105dzenie dotyczy przywr\u00f3cenia tymczasowo kontroli granicznej os\u00f3b przekraczaj\u0105cych granic\u0119 pa\u0144stwow\u0105 stanowi\u0105c\u0105 granic\u0119 wewn\u0119trzn\u0105 w rozumieniu art. 2 pkt 1 rozporz\u0105dzenia Parlamentu Europejskiego i Rady (UE) 2016\/399 z dnia 9 marca 2016 r. w sprawie unijnego kodeksu zasad reguluj\u0105cych przep\u0142yw os\u00f3b przez granice (kodeks graniczny Schengen) (Dz. Urz. UE L 77 z 23.03.2016, s. 1, z p\u00f3\u017an. zm.2)), zwanej dalej \u201ekontrol\u0105 graniczn\u0105 os\u00f3b\u201d, i okre\u015bla:<br \/>\n1) odcinki granicy pa\u0144stwowej, na kt\u00f3rych kontrola graniczna os\u00f3b zostaje przywr\u00f3cona tymczasowo;<br \/>\n2) przej\u015bcia graniczne, rodzaj ruchu dozwolonego przez te przej\u015bcia i czas ich otwarcia oraz zasi\u0119g terytorialny przej\u015b\u0107<br \/>\ngranicznych;<br \/>\n3) okres, na kt\u00f3ry kontrola graniczna os\u00f3b zostaje przywr\u00f3cona tymczasowo.<br \/>\n\u00a7 2. 1. W okresie od dnia 15 marca 2020 r. do dnia 24 marca 2020 r. przywraca si\u0119 tymczasowo kontrol\u0119 graniczn\u0105 os\u00f3b.<br \/>\n2. Zakres kontroli, o kt\u00f3rej mowa w ust. 1, w tym mo\u017cliwo\u015b\u0107 jej ograniczenia na zasadach okre\u015blonych w kodeksie granicznym Schengen, b\u0119dzie dostosowany odpowiednio do stopnia zagro\u017cenia porz\u0105dku publicznego lub bezpiecze\u0144stwa pa\u0144stwa w zwi\u0105zku z wyst\u0105pieniem powa\u017cnego zagro\u017cenia dla zdrowia publicznego wywo\u0142anego koronawirusem SARS-CoV-2, powoduj\u0105cym chorob\u0119 COVID-19.<br \/>\n\u00a7 3. Kontrol\u0119 graniczn\u0105 os\u00f3b przywraca si\u0119 tymczasowo:<br \/>\n1) na granicy pa\u0144stwowej z Republik\u0105 Czesk\u0105;<br \/>\n2) na granicy pa\u0144stwowej z Republik\u0105 Federaln\u0105 Niemiec;<br \/>\n3) na granicy pa\u0144stwowej z Republik\u0105 Litewsk\u0105;<br \/>\n4) na granicy pa\u0144stwowej z Republik\u0105 S\u0142owack\u0105;<br \/>\n5) w portach morskich stanowi\u0105cych granic\u0119 wewn\u0119trzn\u0105 w rozumieniu kodeksu granicznego Schengen;<br \/>\n6) w portach lotniczych stanowi\u0105cych granic\u0119 wewn\u0119trzn\u0105 w rozumieniu kodeksu granicznego Schengen.<\/p>\n<p>\u00a7 4. Wykaz przej\u015b\u0107 granicznych, rodzaj ruchu dozwolonego przez te przej\u015bcia, czas ich otwarcia oraz zasi\u0119g terytorialny przej\u015b\u0107 granicznych jest okre\u015blony w za\u0142\u0105czniku do rozporz\u0105dzenia.<br \/>\n\u00a7 5. Rozporz\u0105dzenie wchodzi w \u017cycie z dniem og\u0142oszenia.<\/p>\n<p>&nbsp;<\/p>\n<p>&nbsp;<\/p>\n<p style=\"text-align: right\">\n<strong>Minister Spraw Wewn\u0119trznych i Administracji: M. Kami\u0144ski<\/strong><\/p>\n<p>&nbsp;<\/p>\n<p>&nbsp;<\/p>\n<p><a href=\"http:\/\/umtykocin.pl\/mieszkaniec\/wp-content\/uploads\/sites\/4\/2020\/03\/Rozporz\u0105dzenie-Ministra-Spraw-Wewn\u0119trznych-i-Administracji-z-dnia-13-mar....pdf\" target=\"_blank\" rel=\"noopener noreferrer\">Rozporz\u0105dzenie Ministra Spraw Wewn\u0119trznych i Administracji z dnia 13 marca &#8211; PDF.<\/a><\/p>\n","protected":false},"excerpt":{"rendered":"<p>ROZPORZ\u0104DZENIE MINISTRA SPRAW WEWN\u0118TRZNYCH I ADMINISTRACJI z dnia 13 marca 2020 r. w sprawie przywr\u00f3cenia tymczasowo kontroli granicznej os\u00f3b przekraczaj\u0105cych granic\u0119 pa\u0144stwow\u0105 stanowi\u0105c\u0105 granic\u0119 wewn\u0119trzn\u0105 &nbsp; Na podstawie art. 17a ustawy z dnia 12 pa\u017adziernika 1990 r. o ochronie granicy pa\u0144stwowej (Dz. U. z 2019 r. poz. 1776) zarz\u0105dza si\u0119, co nast\u0119puje: \u00a7 1. Rozporz\u0105dzenie [&hellip;]<\/p>\n","protected":false},"author":1,"featured_media":3116,"comment_status":"closed","ping_status":"open","sticky":false,"template":"","format":"standard","meta":{"_et_pb_use_builder":"","_et_pb_old_content":"","_et_gb_content_width":"","cybocfi_hide_featured_image":"","footnotes":""},"categories":[99,1004],"tags":[201,205,1080,279,1120,1116,247,1114,563,1076,367,1122,1118,1110,891,669,453,1124,1112,215,1126,1078,259],"class_list":["post-3130","post","type-post","status-publish","format-standard","has-post-thumbnail","hentry","category-aktualnosci","category-zarzadzanie-kryzysowe","tag-201","tag-2020-r","tag-administracji","tag-dnia","tag-granice","tag-granicznej","tag-i","tag-kontroli","tag-marca","tag-ministra","tag-osob","tag-panstwowa","tag-przekraczajacych","tag-przywrocenia","tag-rozporzadzenie","tag-spraw","tag-sprawie","tag-stanowiaca","tag-tymczasowo","tag-w","tag-wewnetrzna","tag-wewnetrznych","tag-z","high-contrast"],"_links":{"self":[{"href":"https:\/\/umtykocin.pl\/mieszkaniec\/wp-json\/wp\/v2\/posts\/3130","targetHints":{"allow":["GET"]}}],"collection":[{"href":"https:\/\/umtykocin.pl\/mieszkaniec\/wp-json\/wp\/v2\/posts"}],"about":[{"href":"https:\/\/umtykocin.pl\/mieszkaniec\/wp-json\/wp\/v2\/types\/post"}],"author":[{"embeddable":true,"href":"https:\/\/umtykocin.pl\/mieszkaniec\/wp-json\/wp\/v2\/users\/1"}],"replies":[{"embeddable":true,"href":"https:\/\/umtykocin.pl\/mieszkaniec\/wp-json\/wp\/v2\/comments?post=3130"}],"version-history":[{"count":2,"href":"https:\/\/umtykocin.pl\/mieszkaniec\/wp-json\/wp\/v2\/posts\/3130\/revisions"}],"predecessor-version":[{"id":3133,"href":"https:\/\/umtykocin.pl\/mieszkaniec\/wp-json\/wp\/v2\/posts\/3130\/revisions\/3133"}],"wp:featuredmedia":[{"embeddable":true,"href":"https:\/\/umtykocin.pl\/mieszkaniec\/wp-json\/wp\/v2\/media\/3116"}],"wp:attachment":[{"href":"https:\/\/umtykocin.pl\/mieszkaniec\/wp-json\/wp\/v2\/media?parent=3130"}],"wp:term":[{"taxonomy":"category","embeddable":true,"href":"https:\/\/umtykocin.pl\/mieszkaniec\/wp-json\/wp\/v2\/categories?post=3130"},{"taxonomy":"post_tag","embeddable":true,"href":"https:\/\/umtykocin.pl\/mieszkaniec\/wp-json\/wp\/v2\/tags?post=3130"}],"curies":[{"name":"wp","href":"https:\/\/api.w.org\/{rel}","templated":true}]}}