{"id":3134,"date":"2020-03-16T11:29:58","date_gmt":"2020-03-16T10:29:58","guid":{"rendered":"http:\/\/umtykocin.pl\/mieszkaniec\/?p=3134"},"modified":"2020-03-16T11:29:58","modified_gmt":"2020-03-16T10:29:58","slug":"rozporzadzenie-rady-ministrow-z-dnia-13-marca-2020-r-w-sprawie-zakazow-w-ruchu-lotniczym","status":"publish","type":"post","link":"https:\/\/umtykocin.pl\/mieszkaniec\/rozporzadzenie-rady-ministrow-z-dnia-13-marca-2020-r-w-sprawie-zakazow-w-ruchu-lotniczym\/","title":{"rendered":"Rozporz\u0105dzenie Rady Ministr\u00f3w z dnia 13 marca 2020 r. w sprawie zakaz\u00f3w w ruchu lotniczym"},"content":{"rendered":"<h1 style=\"text-align: center\"><strong>ROZPORZ\u0104DZENIE<\/strong><\/h1>\n<h1 style=\"text-align: center\">\n<strong>RADY MINISTR\u00d3W<\/strong><\/h1>\n<h1 style=\"text-align: center\">\n<strong>z dnia 13 marca 2020 r.<\/strong><\/h1>\n<h1 style=\"text-align: center\">\n<strong>w sprawie zakaz\u00f3w w ruchu lotniczym<\/strong><\/h1>\n<h1><\/h1>\n<p style=\"text-align: left\">\nNa podstawie art. 119 ust. 2 ustawy z dnia 3 lipca 2002 r. \u2013 Prawo lotnicze (Dz. U. z 2019 r. poz. 1580 i 1495 oraz z 2020 r. poz. 284) zarz\u0105dza si\u0119, co nast\u0119puje:<br \/>\n\u00a71. Wprowadza si\u0119 zakaz wykonywania l\u0105dowania w portach lotniczych Rzeczypospolitej Polskiej mi\u0119dzynarodo-wych lot\u00f3w przewo\u017c\u0105cych pasa\u017cer\u00f3w z wyj\u0105tkiem lot\u00f3w:<br \/>\n1)przewo\u017c\u0105cych obywateli polskich powracaj\u0105cych na terytorium Rzeczypospolitej Polskiej samolotami wyczartero-wanymi na zlecenie Prezesa Rady Ministr\u00f3w;<br \/>\n2)o kt\u00f3rych mowa w art. 76 ust. 1 ustawy z dnia 3 lipca 2002 r. \u2013 Prawo lotnicze.<br \/>\n\u00a72. Rozporz\u0105dzenie traci moc po up\u0142ywie 14 dni od dnia og\u0142oszenia.<br \/>\n\u00a73. Rozporz\u0105dzenie wchodzi w \u017cycie z dniem nast\u0119puj\u0105cym po dniu og\u0142oszenia.<\/p>\n<p>&nbsp;<\/p>\n<p style=\"text-align: right\">\n<strong>Prezes Rady Ministr\u00f3w: M. Morawiecki<\/strong><\/p>\n<p>&nbsp;<\/p>\n<p><a href=\"http:\/\/umtykocin.pl\/mieszkaniec\/wp-content\/uploads\/sites\/4\/2020\/03\/Rozporz\u0105dzenie-Rady-Ministr\u00f3w-z-dnia-13-marca-2020-r.-w-sprawie-zakaz\u00f3w-w-ruchu-lotniczym.pdf\">Rozporz\u0105dzenie Rady Ministr\u00f3w z dnia 13 marca 2020 r. w sprawie zakaz\u00f3w w ruchu lotniczym<\/a> &#8211; PDF.<\/p>\n","protected":false},"excerpt":{"rendered":"<p>ROZPORZ\u0104DZENIE RADY MINISTR\u00d3W z dnia 13 marca 2020 r. w sprawie zakaz\u00f3w w ruchu lotniczym Na podstawie art. 119 ust. 2 ustawy z dnia 3 lipca 2002 r. \u2013 Prawo lotnicze (Dz. U. z 2019 r. poz. 1580 i 1495 oraz z 2020 r. poz. 284) zarz\u0105dza si\u0119, co nast\u0119puje: \u00a71. Wprowadza si\u0119 zakaz wykonywania [&hellip;]<\/p>\n","protected":false},"author":1,"featured_media":3136,"comment_status":"closed","ping_status":"open","sticky":false,"template":"","format":"standard","meta":{"_et_pb_use_builder":"","_et_pb_old_content":"","_et_gb_content_width":"","cybocfi_hide_featured_image":"","footnotes":""},"categories":[99,1004],"tags":[201,205,279,1132,563,1128,715,891,1086,453,215,259,1130],"class_list":["post-3134","post","type-post","status-publish","format-standard","has-post-thumbnail","hentry","category-aktualnosci","category-zarzadzanie-kryzysowe","tag-201","tag-2020-r","tag-dnia","tag-lotniczym","tag-marca","tag-ministrow","tag-rady","tag-rozporzadzenie","tag-ruchu","tag-sprawie","tag-w","tag-z","tag-zakazow","high-contrast"],"_links":{"self":[{"href":"https:\/\/umtykocin.pl\/mieszkaniec\/wp-json\/wp\/v2\/posts\/3134","targetHints":{"allow":["GET"]}}],"collection":[{"href":"https:\/\/umtykocin.pl\/mieszkaniec\/wp-json\/wp\/v2\/posts"}],"about":[{"href":"https:\/\/umtykocin.pl\/mieszkaniec\/wp-json\/wp\/v2\/types\/post"}],"author":[{"embeddable":true,"href":"https:\/\/umtykocin.pl\/mieszkaniec\/wp-json\/wp\/v2\/users\/1"}],"replies":[{"embeddable":true,"href":"https:\/\/umtykocin.pl\/mieszkaniec\/wp-json\/wp\/v2\/comments?post=3134"}],"version-history":[{"count":1,"href":"https:\/\/umtykocin.pl\/mieszkaniec\/wp-json\/wp\/v2\/posts\/3134\/revisions"}],"predecessor-version":[{"id":3137,"href":"https:\/\/umtykocin.pl\/mieszkaniec\/wp-json\/wp\/v2\/posts\/3134\/revisions\/3137"}],"wp:featuredmedia":[{"embeddable":true,"href":"https:\/\/umtykocin.pl\/mieszkaniec\/wp-json\/wp\/v2\/media\/3136"}],"wp:attachment":[{"href":"https:\/\/umtykocin.pl\/mieszkaniec\/wp-json\/wp\/v2\/media?parent=3134"}],"wp:term":[{"taxonomy":"category","embeddable":true,"href":"https:\/\/umtykocin.pl\/mieszkaniec\/wp-json\/wp\/v2\/categories?post=3134"},{"taxonomy":"post_tag","embeddable":true,"href":"https:\/\/umtykocin.pl\/mieszkaniec\/wp-json\/wp\/v2\/tags?post=3134"}],"curies":[{"name":"wp","href":"https:\/\/api.w.org\/{rel}","templated":true}]}}