{"id":3247,"date":"2020-03-20T20:30:45","date_gmt":"2020-03-20T19:30:45","guid":{"rendered":"http:\/\/umtykocin.pl\/mieszkaniec\/?p=3247"},"modified":"2020-03-20T20:31:13","modified_gmt":"2020-03-20T19:31:13","slug":"uwaga-zostal-ogloszony-stan-epidemii","status":"publish","type":"post","link":"https:\/\/umtykocin.pl\/mieszkaniec\/uwaga-zostal-ogloszony-stan-epidemii\/","title":{"rendered":"Uwaga! Zosta\u0142 og\u0142oszony stan epidemii."},"content":{"rendered":"<p>[et_pb_section fb_built=&#8221;1&#8243; admin_label=&#8221;section&#8221; _builder_version=&#8221;3.22&#8243;][et_pb_row admin_label=&#8221;row&#8221; _builder_version=&#8221;3.25&#8243; background_size=&#8221;initial&#8221; background_position=&#8221;top_left&#8221; background_repeat=&#8221;repeat&#8221;][et_pb_column type=&#8221;4_4&#8243; _builder_version=&#8221;3.25&#8243; custom_padding=&#8221;|||&#8221; custom_padding__hover=&#8221;|||&#8221;][et_pb_text admin_label=&#8221;Text&#8221; _builder_version=&#8221;4.3.4&#8243; background_size=&#8221;initial&#8221; background_position=&#8221;top_left&#8221; background_repeat=&#8221;repeat&#8221; hover_enabled=&#8221;0&#8243;]<\/p>\n<h3 style=\"text-align: justify\"><strong>Szko\u0142y b\u0119d\u0105 zamkni\u0119te do Wielkanocy.<\/strong> Rosn\u0105 <strong>kary<\/strong> za z\u0142amanie kwarantanny z <strong>5 tys. do 30 tys<\/strong>. Pami\u0119tajmy: <strong>izolacja chroni!<\/strong> Im bardziej szczelna, zdyscyplinowana i bezwyj\u0105tkowa, tym wi\u0119ksza szansa na zachowanie maksymalnej szansy ochrony zdrowia i \u017cycia.<\/h3>\n<p>\u0179r\u00f3d\u0142o :<\/p>\n<p><a href=\"https:\/\/www.radio.bialystok.pl\/wiadomosci\/index\/id\/180903?fbclid=IwAR083o4oTMoZgJV_u2claXP-XhSwwyEkGYbYvtM_HTfSog-DJTBmlDYT6xs\" target=\"_blank\" rel=\"noopener noreferrer\">https:\/\/www.radio.bialystok.pl\/wiadomosci\/index\/id\/180903?fbclid=IwAR083o4oTMoZgJV_u2claXP-XhSwwyEkGYbYvtM_HTfSog-DJTBmlDYT6xs<\/a><\/p>\n<p>[\/et_pb_text][\/et_pb_column][\/et_pb_row][\/et_pb_section]<\/p>\n","protected":false},"excerpt":{"rendered":"<p>Szko\u0142y b\u0119d\u0105 zamkni\u0119te do Wielkanocy. Rosn\u0105 kary za z\u0142amanie kwarantanny z 5 tys. do 30 tys. Pami\u0119tajmy: izolacja chroni! Im bardziej szczelna, zdyscyplinowana i bezwyj\u0105tkowa, tym wi\u0119ksza szansa na zachowanie maksymalnej szansy ochrony zdrowia i \u017cycia. \u0179r\u00f3d\u0142o : https:\/\/www.radio.bialystok.pl\/wiadomosci\/index\/id\/180903?fbclid=IwAR083o4oTMoZgJV_u2claXP-XhSwwyEkGYbYvtM_HTfSog-DJTBmlDYT6xs<\/p>\n","protected":false},"author":1,"featured_media":3248,"comment_status":"closed","ping_status":"open","sticky":false,"template":"","format":"standard","meta":{"_et_pb_use_builder":"on","_et_pb_old_content":"<h3><strong>Szko\u0142y b\u0119d\u0105 zamkni\u0119te do Wielkanocy.<\/strong> Rosn\u0105 <strong>kary<\/strong> za z\u0142amanie kwarantanny z <strong>5 tys. do 30 tys<\/strong>. Pami\u0119tajmy: <strong>izolacja chroni!<\/strong> Im bardziej szczelna, zdyscyplinowana i bezwyj\u0105tkowa, tym wi\u0119ksza szansa na zachowanie maksymalnej szansy ochrony zdrowia i \u017cycia.<\/h3>\r\n\u0179r\u00f3d\u0142o :\r\n\r\n<a href=\"https:\/\/www.radio.bialystok.pl\/wiadomosci\/index\/id\/180903?fbclid=IwAR083o4oTMoZgJV_u2claXP-XhSwwyEkGYbYvtM_HTfSog-DJTBmlDYT6xs\" target=\"_blank\" rel=\"noopener noreferrer\">https:\/\/www.radio.bialystok.pl\/wiadomosci\/index\/id\/180903?fbclid=IwAR083o4oTMoZgJV_u2claXP-XhSwwyEkGYbYvtM_HTfSog-DJTBmlDYT6xs<\/a>","_et_gb_content_width":"","cybocfi_hide_featured_image":"","footnotes":""},"categories":[99,1004,151],"tags":[1288,1286,1016,968,1284],"class_list":["post-3247","post","type-post","status-publish","format-standard","has-post-thumbnail","hentry","category-aktualnosci","category-zarzadzanie-kryzysowe","category-zdrowie","tag-epidemii","tag-ogloszony","tag-stan","tag-uwaga","tag-zostal","high-contrast"],"_links":{"self":[{"href":"https:\/\/umtykocin.pl\/mieszkaniec\/wp-json\/wp\/v2\/posts\/3247","targetHints":{"allow":["GET"]}}],"collection":[{"href":"https:\/\/umtykocin.pl\/mieszkaniec\/wp-json\/wp\/v2\/posts"}],"about":[{"href":"https:\/\/umtykocin.pl\/mieszkaniec\/wp-json\/wp\/v2\/types\/post"}],"author":[{"embeddable":true,"href":"https:\/\/umtykocin.pl\/mieszkaniec\/wp-json\/wp\/v2\/users\/1"}],"replies":[{"embeddable":true,"href":"https:\/\/umtykocin.pl\/mieszkaniec\/wp-json\/wp\/v2\/comments?post=3247"}],"version-history":[{"count":5,"href":"https:\/\/umtykocin.pl\/mieszkaniec\/wp-json\/wp\/v2\/posts\/3247\/revisions"}],"predecessor-version":[{"id":3253,"href":"https:\/\/umtykocin.pl\/mieszkaniec\/wp-json\/wp\/v2\/posts\/3247\/revisions\/3253"}],"wp:featuredmedia":[{"embeddable":true,"href":"https:\/\/umtykocin.pl\/mieszkaniec\/wp-json\/wp\/v2\/media\/3248"}],"wp:attachment":[{"href":"https:\/\/umtykocin.pl\/mieszkaniec\/wp-json\/wp\/v2\/media?parent=3247"}],"wp:term":[{"taxonomy":"category","embeddable":true,"href":"https:\/\/umtykocin.pl\/mieszkaniec\/wp-json\/wp\/v2\/categories?post=3247"},{"taxonomy":"post_tag","embeddable":true,"href":"https:\/\/umtykocin.pl\/mieszkaniec\/wp-json\/wp\/v2\/tags?post=3247"}],"curies":[{"name":"wp","href":"https:\/\/api.w.org\/{rel}","templated":true}]}}