{"id":3290,"date":"2020-03-25T13:00:45","date_gmt":"2020-03-25T12:00:45","guid":{"rendered":"http:\/\/umtykocin.pl\/mieszkaniec\/?p=3290"},"modified":"2020-03-25T13:07:09","modified_gmt":"2020-03-25T12:07:09","slug":"aplikacja-kwarantanna-domowa","status":"publish","type":"post","link":"https:\/\/umtykocin.pl\/mieszkaniec\/aplikacja-kwarantanna-domowa\/","title":{"rendered":"Aplikacja &#8222;Kwarantanna domowa&#8221;"},"content":{"rendered":"<p>[et_pb_section fb_built=&#8221;1&#8243; admin_label=&#8221;section&#8221; _builder_version=&#8221;3.22&#8243;][et_pb_row admin_label=&#8221;row&#8221; _builder_version=&#8221;3.25&#8243; background_size=&#8221;initial&#8221; background_position=&#8221;top_left&#8221; background_repeat=&#8221;repeat&#8221;][et_pb_column type=&#8221;4_4&#8243; _builder_version=&#8221;3.25&#8243; custom_padding=&#8221;|||&#8221; custom_padding__hover=&#8221;|||&#8221;][et_pb_text admin_label=&#8221;Text&#8221; _builder_version=&#8221;4.3.4&#8243; background_size=&#8221;initial&#8221; background_position=&#8221;top_left&#8221; background_repeat=&#8221;repeat&#8221; hover_enabled=&#8221;0&#8243;]<\/p>\n<h3 style=\"text-align: justify\">Szybsza komunikacja ze s\u0142u\u017cbami i lepsza opieka dla os\u00f3b obj\u0119tych kwarantann\u0105 \u2013 to g\u0142\u00f3wny cel aplikacji <strong>Kwarantanna domowa<\/strong> od <strong>Ministerstwo Cyfryzacji<\/strong>. Jest darmowa, bezpieczna i dost\u0119pna w sklepach Google Play i App Store.<\/h3>\n<p><a href=\"http:\/\/umtykocin.pl\/mieszkaniec\/wp-content\/uploads\/sites\/4\/2020\/03\/aplikacja-kwarantanna-domowa.jpg\"><img loading=\"lazy\" decoding=\"async\" class=\"wp-image-3345 aligncenter size-full\" src=\"http:\/\/umtykocin.pl\/mieszkaniec\/wp-content\/uploads\/sites\/4\/2020\/03\/aplikacja-kwarantanna-domowa.jpg\" alt=\"\" width=\"1118\" height=\"698\" srcset=\"http:\/\/umtykocin.pl\/mieszkaniec\/wp-content\/uploads\/sites\/4\/2020\/03\/aplikacja-kwarantanna-domowa.jpg 1118w, http:\/\/umtykocin.pl\/mieszkaniec\/wp-content\/uploads\/sites\/4\/2020\/03\/aplikacja-kwarantanna-domowa-980x612.jpg 980w, http:\/\/umtykocin.pl\/mieszkaniec\/wp-content\/uploads\/sites\/4\/2020\/03\/aplikacja-kwarantanna-domowa-480x300.jpg 480w\" sizes=\"(min-width: 0px) and (max-width: 480px) 480px, (min-width: 481px) and (max-width: 980px) 980px, (min-width: 981px) 1118px, 100vw\" \/><\/a><\/p>\n<h3>Szczeg\u00f3\u0142y:<\/h3>\n<p><a href=\"https:\/\/www.gov.pl\/web\/uw-podlaski\/aplikacja-kwarantanna-domowa?fbclid=IwAR2GPmU1orPrXbJhUQ_YcNxK1pMKNrRSFI8QCbFXyo6iyzl9xkEFP2CuhDQ\" target=\"_blank\" rel=\"noopener noreferrer\">https:\/\/www.gov.pl\/web\/uw-podlaski\/aplikacja-kwarantanna-domowa?fbclid=IwAR2GPmU1orPrXbJhUQ_YcNxK1pMKNrRSFI8QCbFXyo6iyzl9xkEFP2CuhDQ<\/a><\/p>\n<p>[\/et_pb_text][\/et_pb_column][\/et_pb_row][\/et_pb_section]<\/p>\n","protected":false},"excerpt":{"rendered":"<p>Szybsza komunikacja ze s\u0142u\u017cbami i lepsza opieka dla os\u00f3b obj\u0119tych kwarantann\u0105 \u2013 to g\u0142\u00f3wny cel aplikacji Kwarantanna domowa od Ministerstwo Cyfryzacji. Jest darmowa, bezpieczna i dost\u0119pna w sklepach Google Play i App Store. Szczeg\u00f3\u0142y: https:\/\/www.gov.pl\/web\/uw-podlaski\/aplikacja-kwarantanna-domowa?fbclid=IwAR2GPmU1orPrXbJhUQ_YcNxK1pMKNrRSFI8QCbFXyo6iyzl9xkEFP2CuhDQ<\/p>\n","protected":false},"author":1,"featured_media":3291,"comment_status":"closed","ping_status":"open","sticky":false,"template":"","format":"standard","meta":{"_et_pb_use_builder":"on","_et_pb_old_content":"<h3>Szybsza komunikacja ze s\u0142u\u017cbami i lepsza opieka dla os\u00f3b obj\u0119tych kwarantann\u0105 \u2013 to g\u0142\u00f3wny cel aplikacji <strong>Kwarantanna domowa<\/strong> od <strong>Ministerstwo Cyfryzacji<\/strong>. Jest darmowa, bezpieczna i dost\u0119pna w sklepach Google Play i App Store.<\/h3>\r\n<h3>Szczeg\u00f3\u0142y:<\/h3>\r\n<a href=\"https:\/\/www.gov.pl\/web\/uw-podlaski\/aplikacja-kwarantanna-domowa?fbclid=IwAR2GPmU1orPrXbJhUQ_YcNxK1pMKNrRSFI8QCbFXyo6iyzl9xkEFP2CuhDQ\" target=\"_blank\" rel=\"noopener noreferrer\">https:\/\/www.gov.pl\/web\/uw-podlaski\/aplikacja-kwarantanna-domowa?fbclid=IwAR2GPmU1orPrXbJhUQ_YcNxK1pMKNrRSFI8QCbFXyo6iyzl9xkEFP2CuhDQ<\/a>","_et_gb_content_width":"","cybocfi_hide_featured_image":"","footnotes":""},"categories":[99,1004,151],"tags":[1178,1318,1164],"class_list":["post-3290","post","type-post","status-publish","format-standard","has-post-thumbnail","hentry","category-aktualnosci","category-zarzadzanie-kryzysowe","category-zdrowie","tag-aplikacja","tag-domowa","tag-kwarantanna","high-contrast"],"_links":{"self":[{"href":"https:\/\/umtykocin.pl\/mieszkaniec\/wp-json\/wp\/v2\/posts\/3290","targetHints":{"allow":["GET"]}}],"collection":[{"href":"https:\/\/umtykocin.pl\/mieszkaniec\/wp-json\/wp\/v2\/posts"}],"about":[{"href":"https:\/\/umtykocin.pl\/mieszkaniec\/wp-json\/wp\/v2\/types\/post"}],"author":[{"embeddable":true,"href":"https:\/\/umtykocin.pl\/mieszkaniec\/wp-json\/wp\/v2\/users\/1"}],"replies":[{"embeddable":true,"href":"https:\/\/umtykocin.pl\/mieszkaniec\/wp-json\/wp\/v2\/comments?post=3290"}],"version-history":[{"count":4,"href":"https:\/\/umtykocin.pl\/mieszkaniec\/wp-json\/wp\/v2\/posts\/3290\/revisions"}],"predecessor-version":[{"id":3346,"href":"https:\/\/umtykocin.pl\/mieszkaniec\/wp-json\/wp\/v2\/posts\/3290\/revisions\/3346"}],"wp:featuredmedia":[{"embeddable":true,"href":"https:\/\/umtykocin.pl\/mieszkaniec\/wp-json\/wp\/v2\/media\/3291"}],"wp:attachment":[{"href":"https:\/\/umtykocin.pl\/mieszkaniec\/wp-json\/wp\/v2\/media?parent=3290"}],"wp:term":[{"taxonomy":"category","embeddable":true,"href":"https:\/\/umtykocin.pl\/mieszkaniec\/wp-json\/wp\/v2\/categories?post=3290"},{"taxonomy":"post_tag","embeddable":true,"href":"https:\/\/umtykocin.pl\/mieszkaniec\/wp-json\/wp\/v2\/tags?post=3290"}],"curies":[{"name":"wp","href":"https:\/\/api.w.org\/{rel}","templated":true}]}}