{"id":3298,"date":"2020-03-24T08:02:09","date_gmt":"2020-03-24T07:02:09","guid":{"rendered":"http:\/\/umtykocin.pl\/mieszkaniec\/?p=3298"},"modified":"2020-03-27T08:33:31","modified_gmt":"2020-03-27T07:33:31","slug":"zmiana-czestotliwosci-odbioru-odpadow-z-terenu-gminy-tykocin","status":"publish","type":"post","link":"https:\/\/umtykocin.pl\/mieszkaniec\/zmiana-czestotliwosci-odbioru-odpadow-z-terenu-gminy-tykocin\/","title":{"rendered":"Zmiana cz\u0119stotliwo\u015bci odbioru odpad\u00f3w z terenu Gminy Tykocin"},"content":{"rendered":"<p><a href=\"http:\/\/umtykocin.pl\/mieszkaniec\/wp-content\/uploads\/sites\/4\/2020\/03\/Informacja-scaled.jpg\"><img loading=\"lazy\" decoding=\"async\" class=\"aligncenter size-full wp-image-3299\" src=\"http:\/\/umtykocin.pl\/mieszkaniec\/wp-content\/uploads\/sites\/4\/2020\/03\/Informacja-scaled.jpg\" alt=\"\" width=\"1810\" height=\"2560\" srcset=\"http:\/\/umtykocin.pl\/mieszkaniec\/wp-content\/uploads\/sites\/4\/2020\/03\/Informacja-scaled.jpg 1810w, http:\/\/umtykocin.pl\/mieszkaniec\/wp-content\/uploads\/sites\/4\/2020\/03\/Informacja-1280x1810.jpg 1280w, http:\/\/umtykocin.pl\/mieszkaniec\/wp-content\/uploads\/sites\/4\/2020\/03\/Informacja-980x1386.jpg 980w, http:\/\/umtykocin.pl\/mieszkaniec\/wp-content\/uploads\/sites\/4\/2020\/03\/Informacja-480x679.jpg 480w\" sizes=\"(min-width: 0px) and (max-width: 480px) 480px, (min-width: 481px) and (max-width: 980px) 980px, (min-width: 981px) and (max-width: 1280px) 1280px, (min-width: 1281px) 1810px, 100vw\" \/><\/a><\/p>\n","protected":false},"excerpt":{"rendered":"","protected":false},"author":1,"featured_media":1753,"comment_status":"closed","ping_status":"open","sticky":false,"template":"","format":"standard","meta":{"_et_pb_use_builder":"","_et_pb_old_content":"","_et_gb_content_width":"","cybocfi_hide_featured_image":"","footnotes":""},"categories":[99,165],"tags":[1320,1326,1322,233,1324,479,259,227],"class_list":["post-3298","post","type-post","status-publish","format-standard","has-post-thumbnail","hentry","category-aktualnosci","category-gospodarka-odpadami-komunalnymi","tag-czestotliwosci","tag-gminy","tag-odbioru","tag-odpadow","tag-terenu","tag-tykocin","tag-z","tag-zmiana","high-contrast"],"_links":{"self":[{"href":"https:\/\/umtykocin.pl\/mieszkaniec\/wp-json\/wp\/v2\/posts\/3298","targetHints":{"allow":["GET"]}}],"collection":[{"href":"https:\/\/umtykocin.pl\/mieszkaniec\/wp-json\/wp\/v2\/posts"}],"about":[{"href":"https:\/\/umtykocin.pl\/mieszkaniec\/wp-json\/wp\/v2\/types\/post"}],"author":[{"embeddable":true,"href":"https:\/\/umtykocin.pl\/mieszkaniec\/wp-json\/wp\/v2\/users\/1"}],"replies":[{"embeddable":true,"href":"https:\/\/umtykocin.pl\/mieszkaniec\/wp-json\/wp\/v2\/comments?post=3298"}],"version-history":[{"count":1,"href":"https:\/\/umtykocin.pl\/mieszkaniec\/wp-json\/wp\/v2\/posts\/3298\/revisions"}],"predecessor-version":[{"id":3300,"href":"https:\/\/umtykocin.pl\/mieszkaniec\/wp-json\/wp\/v2\/posts\/3298\/revisions\/3300"}],"wp:featuredmedia":[{"embeddable":true,"href":"https:\/\/umtykocin.pl\/mieszkaniec\/wp-json\/wp\/v2\/media\/1753"}],"wp:attachment":[{"href":"https:\/\/umtykocin.pl\/mieszkaniec\/wp-json\/wp\/v2\/media?parent=3298"}],"wp:term":[{"taxonomy":"category","embeddable":true,"href":"https:\/\/umtykocin.pl\/mieszkaniec\/wp-json\/wp\/v2\/categories?post=3298"},{"taxonomy":"post_tag","embeddable":true,"href":"https:\/\/umtykocin.pl\/mieszkaniec\/wp-json\/wp\/v2\/tags?post=3298"}],"curies":[{"name":"wp","href":"https:\/\/api.w.org\/{rel}","templated":true}]}}