{"id":3310,"date":"2020-03-25T13:45:40","date_gmt":"2020-03-25T12:45:40","guid":{"rendered":"http:\/\/umtykocin.pl\/mieszkaniec\/?p=3310"},"modified":"2020-03-25T13:58:05","modified_gmt":"2020-03-25T12:58:05","slug":"wprowadzamy-ograniczenie-przemieszczania%e2%9d%97%ef%b8%8f","status":"publish","type":"post","link":"https:\/\/umtykocin.pl\/mieszkaniec\/wprowadzamy-ograniczenie-przemieszczania%e2%9d%97%ef%b8%8f\/","title":{"rendered":"Wprowadzamy ograniczenie przemieszczania\u2757\ufe0f"},"content":{"rendered":"<p>[et_pb_section fb_built=&#8221;1&#8243; admin_label=&#8221;section&#8221; _builder_version=&#8221;3.22&#8243;][et_pb_row admin_label=&#8221;row&#8221; _builder_version=&#8221;3.25&#8243; background_size=&#8221;initial&#8221; background_position=&#8221;top_left&#8221; background_repeat=&#8221;repeat&#8221;][et_pb_column type=&#8221;4_4&#8243; _builder_version=&#8221;3.25&#8243; custom_padding=&#8221;|||&#8221; custom_padding__hover=&#8221;|||&#8221;][et_pb_text admin_label=&#8221;Text&#8221; _builder_version=&#8221;4.3.4&#8243; background_size=&#8221;initial&#8221; background_position=&#8221;top_left&#8221; background_repeat=&#8221;repeat&#8221; hover_enabled=&#8221;0&#8243;]<\/p>\n<h3 style=\"text-align: justify\">Rz\u0105d RP od 24 marca 2020 roku w ramach walki z epidemi\u0105 koronawirusa wprowadzi\u0142 ograniczenie przemieszczania si\u0119 za wyj\u0105tkiem drogi do i z pracy, wolontariatu w walce z koronawirusem, niezb\u0119dnych spraw \u017cycia codziennego. Nie powinny porusza\u0107 si\u0119 wi\u0119cej ni\u017c dwie osoby. Zosta\u0144my w domach &#8211; wygrajmy z wirusem!<br \/>Bardzo wiele zale\u017cy od naszej konsekwencji w odpowiedzialnym zwalczaniu zarazy. B\u0105d\u017amy solidni w przestrzeganiu kwarantanny &#8211; wtedy wszyscy domownicy przez 14 dni pozosta<span class=\"text_exposed_show\">j\u0105 w domach!<br \/>Pami\u0119tajmy o seniorach, osobach chorych i samotnych, dbajmy o relacje z s\u0105siadami i wszystkimi bliskimi &#8211; telefony i Internet dzia\u0142aj\u0105, korzystajmy z nich. Przesy\u0142ajmy elektronicznie wyrazy wsparcia wszystkim, kt\u00f3rzy w tym szczeg\u00f3lnym czasie nios\u0105 pomoc.<br \/>Przypominamy: im szybciej zastosujemy si\u0119 do zalece\u0144, tym pr\u0119dzej zminimalizujemy rozprzestrzenianie si\u0119 epidemii. Zdrowia!<\/span><\/h3>\n<h3>\u00a0Nowe obostrzenia obowi\u0105zywa\u0107 b\u0119d\u0105 przynajmniej do 11 kwietnia.<\/h3>\n<p><a href=\"http:\/\/umtykocin.pl\/mieszkaniec\/wp-content\/uploads\/sites\/4\/2020\/03\/transport.jpg\"><img loading=\"lazy\" decoding=\"async\" class=\"wp-image-3317 aligncenter size-full\" src=\"http:\/\/umtykocin.pl\/mieszkaniec\/wp-content\/uploads\/sites\/4\/2020\/03\/transport.jpg\" alt=\"\" width=\"960\" height=\"540\" srcset=\"http:\/\/umtykocin.pl\/mieszkaniec\/wp-content\/uploads\/sites\/4\/2020\/03\/transport.jpg 960w, http:\/\/umtykocin.pl\/mieszkaniec\/wp-content\/uploads\/sites\/4\/2020\/03\/transport-480x270.jpg 480w\" sizes=\"(min-width: 0px) and (max-width: 480px) 480px, (min-width: 481px) 960px, 100vw\" \/><\/a><\/p>\n<p><a href=\"http:\/\/umtykocin.pl\/mieszkaniec\/wp-content\/uploads\/sites\/4\/2020\/03\/90534486_2842876059122955_8249336847839264768_o.png\"><img loading=\"lazy\" decoding=\"async\" class=\"wp-image-3349 aligncenter size-full\" src=\"http:\/\/umtykocin.pl\/mieszkaniec\/wp-content\/uploads\/sites\/4\/2020\/03\/90534486_2842876059122955_8249336847839264768_o.png\" alt=\"\" width=\"960\" height=\"758\" srcset=\"http:\/\/umtykocin.pl\/mieszkaniec\/wp-content\/uploads\/sites\/4\/2020\/03\/90534486_2842876059122955_8249336847839264768_o.png 960w, http:\/\/umtykocin.pl\/mieszkaniec\/wp-content\/uploads\/sites\/4\/2020\/03\/90534486_2842876059122955_8249336847839264768_o-480x379.png 480w\" sizes=\"(min-width: 0px) and (max-width: 480px) 480px, (min-width: 481px) 960px, 100vw\" \/><\/a><\/p>\n<p>\u0179r\u00f3d\u0142o :<a href=\"https:\/\/twitter.com\/PremierRP\/status\/1242426609208098816?s=20\" target=\"_blank\" rel=\"noopener noreferrer\"> https:\/\/twitter.com\/PremierRP\/status\/1242426609208098816?s=20<\/a><\/p>\n<p>&nbsp;<\/p>\n<p>[\/et_pb_text][\/et_pb_column][\/et_pb_row][\/et_pb_section]<\/p>\n","protected":false},"excerpt":{"rendered":"<p>Rz\u0105d RP od 24 marca 2020 roku w ramach walki z epidemi\u0105 koronawirusa wprowadzi\u0142 ograniczenie przemieszczania si\u0119 za wyj\u0105tkiem drogi do i z pracy, wolontariatu w walce z koronawirusem, niezb\u0119dnych spraw \u017cycia codziennego. Nie powinny porusza\u0107 si\u0119 wi\u0119cej ni\u017c dwie osoby. Zosta\u0144my w domach &#8211; wygrajmy z wirusem!Bardzo wiele zale\u017cy od naszej konsekwencji w odpowiedzialnym [&hellip;]<\/p>\n","protected":false},"author":1,"featured_media":3311,"comment_status":"closed","ping_status":"open","sticky":false,"template":"","format":"standard","meta":{"_et_pb_use_builder":"on","_et_pb_old_content":"Rz\u0105d RP od 24 marca 2020 roku w ramach walki z epidemi\u0105 koronawirusa wprowadzi\u0142 ograniczenie przemieszczania si\u0119 za wyj\u0105tkiem drogi do i z pracy, wolontariatu w walce z koronawirusem, niezb\u0119dnych spraw \u017cycia codziennego. Nie powinny porusza\u0107 si\u0119 wi\u0119cej ni\u017c dwie osoby. Zosta\u0144my w domach - wygrajmy z wirusem!\r\nBardzo wiele zale\u017cy od naszej konsekwencji w odpowiedzialnym zwalczaniu zarazy. B\u0105d\u017amy solidni w przestrzeganiu kwarantanny - wtedy wszyscy domownicy przez 14 dni pozosta<span class=\"text_exposed_show\">j\u0105 w domach!\r\nPami\u0119tajmy o seniorach, osobach chorych i samotnych, dbajmy o relacje z s\u0105siadami i wszystkimi bliskimi - telefony i Internet dzia\u0142aj\u0105, korzystajmy z nich. Przesy\u0142ajmy elektronicznie wyrazy wsparcia wszystkim, kt\u00f3rzy w tym szczeg\u00f3lnym czasie nios\u0105 pomoc.\r\nPrzypominamy: im szybciej zastosujemy si\u0119 do zalece\u0144, tym pr\u0119dzej zminimalizujemy rozprzestrzenianie si\u0119 epidemii. Zdrowia!<\/span>\r\n\r\n\u0179r\u00f3d\u0142o :<a href=\"https:\/\/twitter.com\/PremierRP\/status\/1242426609208098816?s=20\" target=\"_blank\" rel=\"noopener noreferrer\"> https:\/\/twitter.com\/PremierRP\/status\/1242426609208098816?s=20<\/a>\r\n\r\n\u00a0","_et_gb_content_width":"","cybocfi_hide_featured_image":"","footnotes":""},"categories":[99,1004,151],"tags":[1348,1350,1346],"class_list":["post-3310","post","type-post","status-publish","format-standard","has-post-thumbnail","hentry","category-aktualnosci","category-zarzadzanie-kryzysowe","category-zdrowie","tag-ograniczenie","tag-przemieszczania","tag-wprowadzamy","high-contrast"],"_links":{"self":[{"href":"https:\/\/umtykocin.pl\/mieszkaniec\/wp-json\/wp\/v2\/posts\/3310","targetHints":{"allow":["GET"]}}],"collection":[{"href":"https:\/\/umtykocin.pl\/mieszkaniec\/wp-json\/wp\/v2\/posts"}],"about":[{"href":"https:\/\/umtykocin.pl\/mieszkaniec\/wp-json\/wp\/v2\/types\/post"}],"author":[{"embeddable":true,"href":"https:\/\/umtykocin.pl\/mieszkaniec\/wp-json\/wp\/v2\/users\/1"}],"replies":[{"embeddable":true,"href":"https:\/\/umtykocin.pl\/mieszkaniec\/wp-json\/wp\/v2\/comments?post=3310"}],"version-history":[{"count":5,"href":"https:\/\/umtykocin.pl\/mieszkaniec\/wp-json\/wp\/v2\/posts\/3310\/revisions"}],"predecessor-version":[{"id":3350,"href":"https:\/\/umtykocin.pl\/mieszkaniec\/wp-json\/wp\/v2\/posts\/3310\/revisions\/3350"}],"wp:featuredmedia":[{"embeddable":true,"href":"https:\/\/umtykocin.pl\/mieszkaniec\/wp-json\/wp\/v2\/media\/3311"}],"wp:attachment":[{"href":"https:\/\/umtykocin.pl\/mieszkaniec\/wp-json\/wp\/v2\/media?parent=3310"}],"wp:term":[{"taxonomy":"category","embeddable":true,"href":"https:\/\/umtykocin.pl\/mieszkaniec\/wp-json\/wp\/v2\/categories?post=3310"},{"taxonomy":"post_tag","embeddable":true,"href":"https:\/\/umtykocin.pl\/mieszkaniec\/wp-json\/wp\/v2\/tags?post=3310"}],"curies":[{"name":"wp","href":"https:\/\/api.w.org\/{rel}","templated":true}]}}