{"id":3328,"date":"2020-03-25T08:10:46","date_gmt":"2020-03-25T07:10:46","guid":{"rendered":"http:\/\/umtykocin.pl\/mieszkaniec\/?p=3328"},"modified":"2020-03-25T08:11:43","modified_gmt":"2020-03-25T07:11:43","slug":"dalsze-ograniczenia-w-przekraczaniu-granicy-rp","status":"publish","type":"post","link":"https:\/\/umtykocin.pl\/mieszkaniec\/dalsze-ograniczenia-w-przekraczaniu-granicy-rp\/","title":{"rendered":"Dalsze ograniczenia w przekraczaniu granicy RP"},"content":{"rendered":"<p>[et_pb_section fb_built=&#8221;1&#8243; admin_label=&#8221;section&#8221; _builder_version=&#8221;3.22&#8243;][et_pb_row admin_label=&#8221;row&#8221; _builder_version=&#8221;3.25&#8243; background_size=&#8221;initial&#8221; background_position=&#8221;top_left&#8221; background_repeat=&#8221;repeat&#8221;][et_pb_column type=&#8221;4_4&#8243; _builder_version=&#8221;3.25&#8243; custom_padding=&#8221;|||&#8221; custom_padding__hover=&#8221;|||&#8221;][et_pb_text admin_label=&#8221;Text&#8221; _builder_version=&#8221;4.3.4&#8243; background_size=&#8221;initial&#8221; background_position=&#8221;top_left&#8221; background_repeat=&#8221;repeat&#8221; hover_enabled=&#8221;0&#8243;]<\/p>\n<h3 style=\"text-align: justify\"><span class=\"_5mfr\"><span class=\"_6qdm\">\ud83c\uddf5\ud83c\uddf1<\/span><\/span><span class=\"_5mfr\"><span class=\"_6qdm\">\u26d4\ufe0f<\/span><\/span>W zwi\u0105zku z wej\u015bciem w \u017cycie rozporz\u0105dzenia Ministra Zdrowia z dnia 24 marca br. wprowadzone zostan\u0105 kolejne ograniczenia w przekraczaniu granicy pa\u0144stwowej. Dotyczy\u0107 one b\u0119d\u0105 os\u00f3b, kt\u00f3re mieszkaj\u0105 w Polsce b\u0105d\u017a w kraju s\u0105siednim, ale pracuj\u0105 na co dzie\u0144 w drugim kraju i do tej pory przekracza\u0142y granic\u0119 regularnie.<\/h3>\n<h3 style=\"text-align: justify\">Od 27 marca 2020 r. (pi\u0105tek godz. 00:00) takie osoby r\u00f3wnie\u017c b\u0119d\u0105 obj\u0119te 14-dniow\u0105 obowi\u0105zkow\u0105 kwarantann\u0105. Ograniczenia b\u0119d\u0105 obowi\u0105zywa\u0107 na ca\u0142ej granicy RP.<\/h3>\n<p>&nbsp;<\/p>\n<p>\u0179r\u00f3d\u0142o :<\/p>\n<p><a href=\"https:\/\/www.gov.pl\/web\/uw-podlaski\/dalsze-ograniczenia-w-przekraczaniu-granicy-rp?fbclid=IwAR2GndkcCVyIsbkRlYtMgw3IvQ-vWRzy0Qwm3k9qqqbDqsQsHK7spdAhYWo\" target=\"_blank\" rel=\"noopener noreferrer\">https:\/\/www.gov.pl\/web\/uw-podlaski\/dalsze-ograniczenia-w-przekraczaniu-granicy-rp?fbclid=IwAR2GndkcCVyIsbkRlYtMgw3IvQ-vWRzy0Qwm3k9qqqbDqsQsHK7spdAhYWo<\/a><\/p>\n<p>[\/et_pb_text][\/et_pb_column][\/et_pb_row][\/et_pb_section]<\/p>\n","protected":false},"excerpt":{"rendered":"<p>\ud83c\uddf5\ud83c\uddf1\u26d4\ufe0fW zwi\u0105zku z wej\u015bciem w \u017cycie rozporz\u0105dzenia Ministra Zdrowia z dnia 24 marca br. wprowadzone zostan\u0105 kolejne ograniczenia w przekraczaniu granicy pa\u0144stwowej. Dotyczy\u0107 one b\u0119d\u0105 os\u00f3b, kt\u00f3re mieszkaj\u0105 w Polsce b\u0105d\u017a w kraju s\u0105siednim, ale pracuj\u0105 na co dzie\u0144 w drugim kraju i do tej pory przekracza\u0142y granic\u0119 regularnie. Od 27 marca 2020 r. (pi\u0105tek [&hellip;]<\/p>\n","protected":false},"author":1,"featured_media":3329,"comment_status":"closed","ping_status":"open","sticky":false,"template":"","format":"standard","meta":{"_et_pb_use_builder":"on","_et_pb_old_content":"<h3><span class=\"_5mfr\"><span class=\"_6qdm\">\ud83c\uddf5\ud83c\uddf1<\/span><\/span><span class=\"_5mfr\"><span class=\"_6qdm\">\u26d4\ufe0f<\/span><\/span>W zwi\u0105zku z wej\u015bciem w \u017cycie rozporz\u0105dzenia Ministra Zdrowia z dnia 24 marca br. wprowadzone zostan\u0105 kolejne ograniczenia w przekraczaniu granicy pa\u0144stwowej. Dotyczy\u0107 one b\u0119d\u0105 os\u00f3b, kt\u00f3re mieszkaj\u0105 w Polsce b\u0105d\u017a w kraju s\u0105siednim, ale pracuj\u0105 na co dzie\u0144 w drugim kraju i do tej pory przekracza\u0142y granic\u0119 regularnie.<\/h3>\r\n<h3>Od 27 marca 2020 r. (pi\u0105tek godz. 00:00) takie osoby r\u00f3wnie\u017c b\u0119d\u0105 obj\u0119te 14-dniow\u0105 obowi\u0105zkow\u0105 kwarantann\u0105. Ograniczenia b\u0119d\u0105 obowi\u0105zywa\u0107 na ca\u0142ej granicy RP.<\/h3>\r\n&nbsp;\r\n\r\n\u0179r\u00f3d\u0142o :\r\n\r\n<a href=\"https:\/\/www.gov.pl\/web\/uw-podlaski\/dalsze-ograniczenia-w-przekraczaniu-granicy-rp?fbclid=IwAR2GndkcCVyIsbkRlYtMgw3IvQ-vWRzy0Qwm3k9qqqbDqsQsHK7spdAhYWo\" target=\"_blank\" rel=\"noopener noreferrer\">https:\/\/www.gov.pl\/web\/uw-podlaski\/dalsze-ograniczenia-w-przekraczaniu-granicy-rp?fbclid=IwAR2GndkcCVyIsbkRlYtMgw3IvQ-vWRzy0Qwm3k9qqqbDqsQsHK7spdAhYWo<\/a>","_et_gb_content_width":"","cybocfi_hide_featured_image":"","footnotes":""},"categories":[99,1004],"tags":[1364,1368,1084,1366,1370,215],"class_list":["post-3328","post","type-post","status-publish","format-standard","has-post-thumbnail","hentry","category-aktualnosci","category-zarzadzanie-kryzysowe","tag-dalsze","tag-granicy","tag-ograniczenia","tag-przekraczaniu","tag-rp","tag-w","high-contrast"],"_links":{"self":[{"href":"https:\/\/umtykocin.pl\/mieszkaniec\/wp-json\/wp\/v2\/posts\/3328","targetHints":{"allow":["GET"]}}],"collection":[{"href":"https:\/\/umtykocin.pl\/mieszkaniec\/wp-json\/wp\/v2\/posts"}],"about":[{"href":"https:\/\/umtykocin.pl\/mieszkaniec\/wp-json\/wp\/v2\/types\/post"}],"author":[{"embeddable":true,"href":"https:\/\/umtykocin.pl\/mieszkaniec\/wp-json\/wp\/v2\/users\/1"}],"replies":[{"embeddable":true,"href":"https:\/\/umtykocin.pl\/mieszkaniec\/wp-json\/wp\/v2\/comments?post=3328"}],"version-history":[{"count":3,"href":"https:\/\/umtykocin.pl\/mieszkaniec\/wp-json\/wp\/v2\/posts\/3328\/revisions"}],"predecessor-version":[{"id":3333,"href":"https:\/\/umtykocin.pl\/mieszkaniec\/wp-json\/wp\/v2\/posts\/3328\/revisions\/3333"}],"wp:featuredmedia":[{"embeddable":true,"href":"https:\/\/umtykocin.pl\/mieszkaniec\/wp-json\/wp\/v2\/media\/3329"}],"wp:attachment":[{"href":"https:\/\/umtykocin.pl\/mieszkaniec\/wp-json\/wp\/v2\/media?parent=3328"}],"wp:term":[{"taxonomy":"category","embeddable":true,"href":"https:\/\/umtykocin.pl\/mieszkaniec\/wp-json\/wp\/v2\/categories?post=3328"},{"taxonomy":"post_tag","embeddable":true,"href":"https:\/\/umtykocin.pl\/mieszkaniec\/wp-json\/wp\/v2\/tags?post=3328"}],"curies":[{"name":"wp","href":"https:\/\/api.w.org\/{rel}","templated":true}]}}