{"id":3334,"date":"2020-03-25T11:01:19","date_gmt":"2020-03-25T10:01:19","guid":{"rendered":"http:\/\/umtykocin.pl\/mieszkaniec\/?p=3334"},"modified":"2020-03-25T11:02:54","modified_gmt":"2020-03-25T10:02:54","slug":"apel-samorzadowcow-wojewodztwa-podlaskiego","status":"publish","type":"post","link":"https:\/\/umtykocin.pl\/mieszkaniec\/apel-samorzadowcow-wojewodztwa-podlaskiego\/","title":{"rendered":"Apel Samorz\u0105dowc\u00f3w Wojew\u00f3dztwa Podlaskiego"},"content":{"rendered":"<p>[et_pb_section fb_built=&#8221;1&#8243; admin_label=&#8221;section&#8221; _builder_version=&#8221;3.22&#8243;][et_pb_row admin_label=&#8221;row&#8221; _builder_version=&#8221;3.25&#8243; background_size=&#8221;initial&#8221; background_position=&#8221;top_left&#8221; background_repeat=&#8221;repeat&#8221;][et_pb_column type=&#8221;4_4&#8243; _builder_version=&#8221;3.25&#8243; custom_padding=&#8221;|||&#8221; custom_padding__hover=&#8221;|||&#8221;][et_pb_text admin_label=&#8221;Text&#8221; _builder_version=&#8221;4.3.4&#8243; background_size=&#8221;initial&#8221; background_position=&#8221;top_left&#8221; background_repeat=&#8221;repeat&#8221; hover_enabled=&#8221;0&#8243;]<\/p>\n<h3 style=\"text-align: justify\"><strong>Artur Kosicki, Marsza\u0142ek Wojew\u00f3dztwa Podlaskiego<\/strong> zwr\u00f3ci\u0142 si\u0119 z pro\u015bb\u0105 do samorz\u0105dowc\u00f3w wojew\u00f3dztwa podlaskiego o podpisanie si\u0119 pod wsp\u00f3lnym apelem skierowanym do mieszka\u0144c\u00f3w regionu. Epidemia koronawirusa jest realnym zagro\u017ceniem dla naszego spo\u0142ecze\u0144stwa. Niestety, zdarzaj\u0105 si\u0119 przypadki \u0142amania spo\u0142ecznej kwarantanny i niestosowania si\u0119 do zasad ostro\u017cno\u015bci. Ka\u017cda taka osoba nie tylko \u0142amie prawo, ale jest zagro\u017ceniem dla setek innych os\u00f3b i mo\u017ce zniweczy\u0107 wysi\u0142ki pracownik\u00f3w s\u0142u\u017cby zdrowia. Apel podpisa\u0142o <strong>132 samorz\u0105dowc\u00f3w<\/strong>, w tym <strong>Zarz\u0105d Wojew\u00f3dztwa Podlaskiego, 3 prezydent\u00f3w miast, 14 starost\u00f3w, 34 burmistrz\u00f3w oraz 76 w\u00f3jt\u00f3w.<\/strong><\/h3>\n<p><a href=\"http:\/\/umtykocin.pl\/mieszkaniec\/wp-content\/uploads\/sites\/4\/2020\/03\/post_fb_14d.png\"><img loading=\"lazy\" decoding=\"async\" class=\"aligncenter size-full wp-image-3335\" src=\"http:\/\/umtykocin.pl\/mieszkaniec\/wp-content\/uploads\/sites\/4\/2020\/03\/post_fb_14d.png\" alt=\"\" width=\"900\" height=\"1600\" srcset=\"http:\/\/umtykocin.pl\/mieszkaniec\/wp-content\/uploads\/sites\/4\/2020\/03\/post_fb_14d.png 900w, http:\/\/umtykocin.pl\/mieszkaniec\/wp-content\/uploads\/sites\/4\/2020\/03\/post_fb_14d-480x853.png 480w\" sizes=\"(min-width: 0px) and (max-width: 480px) 480px, (min-width: 481px) 900px, 100vw\" \/><\/a><\/p>\n<p><a href=\"http:\/\/umtykocin.pl\/mieszkaniec\/wp-content\/uploads\/sites\/4\/2020\/03\/post_fb_14e.png\"><img loading=\"lazy\" decoding=\"async\" class=\"aligncenter size-full wp-image-3336\" src=\"http:\/\/umtykocin.pl\/mieszkaniec\/wp-content\/uploads\/sites\/4\/2020\/03\/post_fb_14e.png\" alt=\"\" width=\"900\" height=\"1600\" srcset=\"http:\/\/umtykocin.pl\/mieszkaniec\/wp-content\/uploads\/sites\/4\/2020\/03\/post_fb_14e.png 900w, http:\/\/umtykocin.pl\/mieszkaniec\/wp-content\/uploads\/sites\/4\/2020\/03\/post_fb_14e-480x853.png 480w\" sizes=\"(min-width: 0px) and (max-width: 480px) 480px, (min-width: 481px) 900px, 100vw\" \/><\/a><\/p>\n<p>&nbsp;<\/p>\n<p>\u0179r\u00f3d\u0142o :\u00a0<a href=\"https:\/\/wrotapodlasia.pl\/pl\/samorzad\/samorzadowcy-wojewodztwa-podlaskiego-wystosowali-wspolny-apel-do-mieszkancow-zostanmy-w-domu.html\" target=\"_blank\" rel=\"noopener noreferrer\">https:\/\/wrotapodlasia.pl\/pl\/samorzad\/samorzadowcy-wojewodztwa-podlaskiego-wystosowali-wspolny-apel-do-mieszkancow-zostanmy-w-domu.html<\/a><\/p>\n<p>Facebook :\u00a0 <a href=\"https:\/\/www.facebook.com\/wojpodlaskie\/posts\/2844339028976658\" target=\"_blank\" rel=\"noopener noreferrer\">https:\/\/www.facebook.com\/wojpodlaskie\/posts\/2844339028976658<\/a><\/p>\n<p>[\/et_pb_text][\/et_pb_column][\/et_pb_row][\/et_pb_section]<\/p>\n","protected":false},"excerpt":{"rendered":"<p>Artur Kosicki, Marsza\u0142ek Wojew\u00f3dztwa Podlaskiego zwr\u00f3ci\u0142 si\u0119 z pro\u015bb\u0105 do samorz\u0105dowc\u00f3w wojew\u00f3dztwa podlaskiego o podpisanie si\u0119 pod wsp\u00f3lnym apelem skierowanym do mieszka\u0144c\u00f3w regionu. Epidemia koronawirusa jest realnym zagro\u017ceniem dla naszego spo\u0142ecze\u0144stwa. Niestety, zdarzaj\u0105 si\u0119 przypadki \u0142amania spo\u0142ecznej kwarantanny i niestosowania si\u0119 do zasad ostro\u017cno\u015bci. Ka\u017cda taka osoba nie tylko \u0142amie prawo, ale jest zagro\u017ceniem dla [&hellip;]<\/p>\n","protected":false},"author":1,"featured_media":3174,"comment_status":"closed","ping_status":"open","sticky":false,"template":"","format":"standard","meta":{"_et_pb_use_builder":"on","_et_pb_old_content":"<h3>Artur Kosicki, Marsza\u0142ek Wojew\u00f3dztwa Podlaskiego zwr\u00f3ci\u0142 si\u0119 z pro\u015bb\u0105 do samorz\u0105dowc\u00f3w wojew\u00f3dztwa podlaskiego o podpisanie si\u0119 pod wsp\u00f3lnym apelem skierowanym do mieszka\u0144c\u00f3w regionu. Epidemia koronawirusa jest realnym zagro\u017ceniem dla naszego spo\u0142ecze\u0144stwa. Niestety, zdarzaj\u0105 si\u0119 przypadki \u0142amania spo\u0142ecznej kwarantanny i niestosowania si\u0119 do zasad ostro\u017cno\u015bci. Ka\u017cda taka osoba nie tylko \u0142amie prawo, ale jest zagro\u017ceniem dla setek innych os\u00f3b i mo\u017ce zniweczy\u0107 wysi\u0142ki pracownik\u00f3w s\u0142u\u017cby zdrowia. Apel podpisa\u0142o 132 samorz\u0105dowc\u00f3w, w tym Zarz\u0105d Wojew\u00f3dztwa Podlaskiego, 3 prezydent\u00f3w miast, 14 starost\u00f3w, 34 burmistrz\u00f3w oraz 76 w\u00f3jt\u00f3w.<\/h3>\r\n<a href=\"http:\/\/umtykocin.pl\/mieszkaniec\/wp-content\/uploads\/sites\/4\/2020\/03\/post_fb_14d.png\"><img class=\"aligncenter size-full wp-image-3335\" src=\"http:\/\/umtykocin.pl\/mieszkaniec\/wp-content\/uploads\/sites\/4\/2020\/03\/post_fb_14d.png\" alt=\"\" width=\"900\" height=\"1600\" \/><\/a>\r\n\r\n<a href=\"http:\/\/umtykocin.pl\/mieszkaniec\/wp-content\/uploads\/sites\/4\/2020\/03\/post_fb_14e.png\"><img class=\"aligncenter size-full wp-image-3336\" src=\"http:\/\/umtykocin.pl\/mieszkaniec\/wp-content\/uploads\/sites\/4\/2020\/03\/post_fb_14e.png\" alt=\"\" width=\"900\" height=\"1600\" \/><\/a>\r\n\r\n&nbsp;\r\n\r\n\u0179r\u00f3d\u0142o :\u00a0<a href=\"https:\/\/wrotapodlasia.pl\/pl\/samorzad\/samorzadowcy-wojewodztwa-podlaskiego-wystosowali-wspolny-apel-do-mieszkancow-zostanmy-w-domu.html\" target=\"_blank\" rel=\"noopener noreferrer\">https:\/\/wrotapodlasia.pl\/pl\/samorzad\/samorzadowcy-wojewodztwa-podlaskiego-wystosowali-wspolny-apel-do-mieszkancow-zostanmy-w-domu.html<\/a>\r\n\r\nFacebook :\u00a0 <a href=\"https:\/\/www.facebook.com\/wojpodlaskie\/posts\/2844339028976658\" target=\"_blank\" rel=\"noopener noreferrer\">https:\/\/www.facebook.com\/wojpodlaskie\/posts\/2844339028976658<\/a>","_et_gb_content_width":"","cybocfi_hide_featured_image":"","footnotes":""},"categories":[99,1004,151],"tags":[934,555,1372,553],"class_list":["post-3334","post","type-post","status-publish","format-standard","has-post-thumbnail","hentry","category-aktualnosci","category-zarzadzanie-kryzysowe","category-zdrowie","tag-apel","tag-podlaskiego","tag-samorzadowcow","tag-wojewodztwa","high-contrast"],"_links":{"self":[{"href":"https:\/\/umtykocin.pl\/mieszkaniec\/wp-json\/wp\/v2\/posts\/3334","targetHints":{"allow":["GET"]}}],"collection":[{"href":"https:\/\/umtykocin.pl\/mieszkaniec\/wp-json\/wp\/v2\/posts"}],"about":[{"href":"https:\/\/umtykocin.pl\/mieszkaniec\/wp-json\/wp\/v2\/types\/post"}],"author":[{"embeddable":true,"href":"https:\/\/umtykocin.pl\/mieszkaniec\/wp-json\/wp\/v2\/users\/1"}],"replies":[{"embeddable":true,"href":"https:\/\/umtykocin.pl\/mieszkaniec\/wp-json\/wp\/v2\/comments?post=3334"}],"version-history":[{"count":6,"href":"https:\/\/umtykocin.pl\/mieszkaniec\/wp-json\/wp\/v2\/posts\/3334\/revisions"}],"predecessor-version":[{"id":3342,"href":"https:\/\/umtykocin.pl\/mieszkaniec\/wp-json\/wp\/v2\/posts\/3334\/revisions\/3342"}],"wp:featuredmedia":[{"embeddable":true,"href":"https:\/\/umtykocin.pl\/mieszkaniec\/wp-json\/wp\/v2\/media\/3174"}],"wp:attachment":[{"href":"https:\/\/umtykocin.pl\/mieszkaniec\/wp-json\/wp\/v2\/media?parent=3334"}],"wp:term":[{"taxonomy":"category","embeddable":true,"href":"https:\/\/umtykocin.pl\/mieszkaniec\/wp-json\/wp\/v2\/categories?post=3334"},{"taxonomy":"post_tag","embeddable":true,"href":"https:\/\/umtykocin.pl\/mieszkaniec\/wp-json\/wp\/v2\/tags?post=3334"}],"curies":[{"name":"wp","href":"https:\/\/api.w.org\/{rel}","templated":true}]}}