{"id":3358,"date":"2020-03-26T09:08:11","date_gmt":"2020-03-26T08:08:11","guid":{"rendered":"http:\/\/umtykocin.pl\/mieszkaniec\/?p=3358"},"modified":"2020-03-26T09:08:11","modified_gmt":"2020-03-26T08:08:11","slug":"%e2%9d%97%ef%b8%8f-pamietajcie-o-odpowiedzialnosci-w-zwiazku-z-panujaca-w-kraju-epidemia-koronawirus-a-odpowiedzialnyrodzic-zostanwdomu","status":"publish","type":"post","link":"https:\/\/umtykocin.pl\/mieszkaniec\/%e2%9d%97%ef%b8%8f-pamietajcie-o-odpowiedzialnosci-w-zwiazku-z-panujaca-w-kraju-epidemia-koronawirus-a-odpowiedzialnyrodzic-zostanwdomu\/","title":{"rendered":"\u2757\ufe0f Pami\u0119tajcie o odpowiedzialno\u015bci w zwi\u0105zku z panuj\u0105c\u0105 w kraju epidemi\u0105 #koronawirus.a! #OdpowiedzialnyRodzic #Zosta\u0144WDomu"},"content":{"rendered":"<p><a href=\"http:\/\/umtykocin.pl\/mieszkaniec\/wp-content\/uploads\/sites\/4\/2020\/03\/90503780_2846499448760616_6119446790337986560_o.png\"><img loading=\"lazy\" decoding=\"async\" class=\"aligncenter size-full wp-image-3359\" src=\"http:\/\/umtykocin.pl\/mieszkaniec\/wp-content\/uploads\/sites\/4\/2020\/03\/90503780_2846499448760616_6119446790337986560_o.png\" alt=\"\" width=\"960\" height=\"758\" srcset=\"http:\/\/umtykocin.pl\/mieszkaniec\/wp-content\/uploads\/sites\/4\/2020\/03\/90503780_2846499448760616_6119446790337986560_o.png 960w, http:\/\/umtykocin.pl\/mieszkaniec\/wp-content\/uploads\/sites\/4\/2020\/03\/90503780_2846499448760616_6119446790337986560_o-480x379.png 480w\" sizes=\"(min-width: 0px) and (max-width: 480px) 480px, (min-width: 481px) 960px, 100vw\" \/><\/a><\/p>\n<p>\u0179r\u00f3d\u0142o: <a href=\"https:\/\/www.facebook.com\/wojpodlaskie\/photos\/a.151301008280487\/2846499428760618\/?type=3&amp;theater\" target=\"_blank\" rel=\"noopener noreferrer\">https:\/\/www.facebook.com\/wojpodlaskie\/photos\/a.151301008280487\/2846499428760618\/?type=3&amp;theater\u00a0<\/a><\/p>\n","protected":false},"excerpt":{"rendered":"<p>\u0179r\u00f3d\u0142o: https:\/\/www.facebook.com\/wojpodlaskie\/photos\/a.151301008280487\/2846499428760618\/?type=3&amp;theater\u00a0<\/p>\n","protected":false},"author":1,"featured_media":3174,"comment_status":"closed","ping_status":"open","sticky":false,"template":"","format":"standard","meta":{"_et_pb_use_builder":"","_et_pb_old_content":"","_et_gb_content_width":"","cybocfi_hide_featured_image":"","footnotes":""},"categories":[99,1004,151],"tags":[1398,1394,1396,1384,1392,1012,361,1388,1386,1390,215,259,1400,237],"class_list":["post-3358","post","type-post","status-publish","format-standard","has-post-thumbnail","hentry","category-aktualnosci","category-zarzadzanie-kryzysowe","category-zdrowie","tag-1398","tag-koronawirus-a","tag-odpowiedzialnyrodzic","tag-1384","tag-epidemia","tag-kraju","tag-o","tag-odpowiedzialnosci","tag-pamietajcie","tag-panujaca","tag-w","tag-z","tag-zostanwdomu","tag-zwiazku","high-contrast"],"_links":{"self":[{"href":"https:\/\/umtykocin.pl\/mieszkaniec\/wp-json\/wp\/v2\/posts\/3358","targetHints":{"allow":["GET"]}}],"collection":[{"href":"https:\/\/umtykocin.pl\/mieszkaniec\/wp-json\/wp\/v2\/posts"}],"about":[{"href":"https:\/\/umtykocin.pl\/mieszkaniec\/wp-json\/wp\/v2\/types\/post"}],"author":[{"embeddable":true,"href":"https:\/\/umtykocin.pl\/mieszkaniec\/wp-json\/wp\/v2\/users\/1"}],"replies":[{"embeddable":true,"href":"https:\/\/umtykocin.pl\/mieszkaniec\/wp-json\/wp\/v2\/comments?post=3358"}],"version-history":[{"count":2,"href":"https:\/\/umtykocin.pl\/mieszkaniec\/wp-json\/wp\/v2\/posts\/3358\/revisions"}],"predecessor-version":[{"id":3361,"href":"https:\/\/umtykocin.pl\/mieszkaniec\/wp-json\/wp\/v2\/posts\/3358\/revisions\/3361"}],"wp:featuredmedia":[{"embeddable":true,"href":"https:\/\/umtykocin.pl\/mieszkaniec\/wp-json\/wp\/v2\/media\/3174"}],"wp:attachment":[{"href":"https:\/\/umtykocin.pl\/mieszkaniec\/wp-json\/wp\/v2\/media?parent=3358"}],"wp:term":[{"taxonomy":"category","embeddable":true,"href":"https:\/\/umtykocin.pl\/mieszkaniec\/wp-json\/wp\/v2\/categories?post=3358"},{"taxonomy":"post_tag","embeddable":true,"href":"https:\/\/umtykocin.pl\/mieszkaniec\/wp-json\/wp\/v2\/tags?post=3358"}],"curies":[{"name":"wp","href":"https:\/\/api.w.org\/{rel}","templated":true}]}}