{"id":3372,"date":"2020-03-26T13:34:53","date_gmt":"2020-03-26T12:34:53","guid":{"rendered":"http:\/\/umtykocin.pl\/mieszkaniec\/?p=3372"},"modified":"2020-04-27T08:28:56","modified_gmt":"2020-04-27T06:28:56","slug":"zmiana-harmonogramu-odbioru-odpadow-gmina-tykocin-kwiecien-maj","status":"publish","type":"post","link":"https:\/\/umtykocin.pl\/mieszkaniec\/zmiana-harmonogramu-odbioru-odpadow-gmina-tykocin-kwiecien-maj\/","title":{"rendered":"Zmiana harmonogramu odbioru odpad\u00f3w Gmina Tykocin kwiecie\u0144-maj"},"content":{"rendered":"<p>[et_pb_section fb_built=&#8221;1&#8243; admin_label=&#8221;section&#8221; _builder_version=&#8221;3.22&#8243;][et_pb_row admin_label=&#8221;row&#8221; _builder_version=&#8221;3.25&#8243; background_size=&#8221;initial&#8221; background_position=&#8221;top_left&#8221; background_repeat=&#8221;repeat&#8221;][et_pb_column type=&#8221;4_4&#8243; _builder_version=&#8221;3.25&#8243; custom_padding=&#8221;|||&#8221; custom_padding__hover=&#8221;|||&#8221;][et_pb_text admin_label=&#8221;Text&#8221; _builder_version=&#8221;4.3.4&#8243; background_size=&#8221;initial&#8221; background_position=&#8221;top_left&#8221; background_repeat=&#8221;repeat&#8221;]<\/p>\n<h3 style=\"text-align: justify\">W zwi\u0105zku z og\u0142oszonym stanem pandemicznym na terenie ca\u0142ego kraju z powodu wirusa COVID-19, w trosce o zachowanie ci\u0105g\u0142o\u015bci odbioru odpad\u00f3w z terenu naszej gminy i jednocze\u015bnie dbaj\u0105c o zdrowie Mieszka\u0144c\u00f3w poni\u017cej publikujemy harmonogram odbioru odpad\u00f3w komunalnych, kt\u00f3ry b\u0119dzie obowi\u0105zywa\u0142 w kwietniu i w maju. Zwracamy si\u0119 z pro\u015bb\u0105 o rozpowszechnienie powy\u017cszej informacji w\u015br\u00f3d mieszka\u0144c\u00f3w kt\u00f3rzy nie maj\u0105 dost\u0119pu do internetu.<\/h3>\n<p><a href=\"http:\/\/umtykocin.pl\/mieszkaniec\/wp-content\/uploads\/sites\/4\/2020\/03\/Harmonogram.jpg\"><img loading=\"lazy\" decoding=\"async\" class=\"aligncenter size-full wp-image-3374\" src=\"http:\/\/umtykocin.pl\/mieszkaniec\/wp-content\/uploads\/sites\/4\/2020\/03\/Harmonogram.jpg\" alt=\"\" width=\"887\" height=\"1189\" \/><\/a><\/p>\n<p><a href=\"http:\/\/umtykocin.pl\/mieszkaniec\/wp-content\/uploads\/sites\/4\/2020\/03\/Harmonogram-kwiecie\u0144-maj.pdf\" target=\"_blank\" rel=\"noopener noreferrer\">Harmonogram (kwiecie\u0144, maj) w pliku PDF.<\/a><\/p>\n<p>&nbsp;<\/p>\n<p>[\/et_pb_text][\/et_pb_column][\/et_pb_row][\/et_pb_section]<\/p>\n","protected":false},"excerpt":{"rendered":"<p>W zwi\u0105zku z og\u0142oszonym stanem pandemicznym na terenie ca\u0142ego kraju z powodu wirusa COVID-19, w trosce o zachowanie ci\u0105g\u0142o\u015bci odbioru odpad\u00f3w z terenu naszej gminy i jednocze\u015bnie dbaj\u0105c o zdrowie Mieszka\u0144c\u00f3w poni\u017cej publikujemy harmonogram odbioru odpad\u00f3w komunalnych, kt\u00f3ry b\u0119dzie obowi\u0105zywa\u0142 w kwietniu i w maju. Zwracamy si\u0119 z pro\u015bb\u0105 o rozpowszechnienie powy\u017cszej informacji w\u015br\u00f3d mieszka\u0144c\u00f3w [&hellip;]<\/p>\n","protected":false},"author":1,"featured_media":1753,"comment_status":"closed","ping_status":"open","sticky":false,"template":"","format":"standard","meta":{"_et_pb_use_builder":"on","_et_pb_old_content":"<i>W zwi\u0105zku z og\u0142oszonym stanem pandemicznym na terenie ca\u0142ego kraju z powodu wirusa COVID-19, w trosce o zachowanie ci\u0105g\u0142o\u015bci odbioru odpad\u00f3w z terenu naszej gminy i jednocze\u015bnie dbaj\u0105c o zdrowie Mieszka\u0144c\u00f3w poni\u017cej publikujemy harmonogram odbioru odpad\u00f3w komunalnych, kt\u00f3ry b\u0119dzie obowi\u0105zywa\u0142 w kwietniu i w maju. Zwracamy si\u0119 z pro\u015bb\u0105 o rozpowszechnienie powy\u017cszej informacji w\u015br\u00f3d mieszka\u0144c\u00f3w kt\u00f3rzy nie maj\u0105 dost\u0119pu do internetu.<\/i>\r\n\r\n<a href=\"http:\/\/umtykocin.pl\/mieszkaniec\/wp-content\/uploads\/sites\/4\/2020\/03\/Harmonogram.jpg\"><img class=\"aligncenter size-full wp-image-3374\" src=\"http:\/\/umtykocin.pl\/mieszkaniec\/wp-content\/uploads\/sites\/4\/2020\/03\/Harmonogram.jpg\" alt=\"\" width=\"887\" height=\"1189\" \/><\/a>\r\n\r\n<a href=\"http:\/\/umtykocin.pl\/mieszkaniec\/wp-content\/uploads\/sites\/4\/2020\/03\/Harmonogram-kwiecie\u0144-maj.pdf\" target=\"_blank\" rel=\"noopener noreferrer\">Harmonogram (kwiecie\u0144, maj) w pliku PDF.<\/a>\r\n\r\n\u00a0","_et_gb_content_width":"","cybocfi_hide_featured_image":"","footnotes":""},"categories":[99,165],"tags":[817,1419,1421,1322,233,479,227],"class_list":["post-3372","post","type-post","status-publish","format-standard","has-post-thumbnail","hentry","category-aktualnosci","category-gospodarka-odpadami-komunalnymi","tag-gmina","tag-harmonogramu","tag-kwiecien-maj","tag-odbioru","tag-odpadow","tag-tykocin","tag-zmiana","high-contrast"],"_links":{"self":[{"href":"https:\/\/umtykocin.pl\/mieszkaniec\/wp-json\/wp\/v2\/posts\/3372","targetHints":{"allow":["GET"]}}],"collection":[{"href":"https:\/\/umtykocin.pl\/mieszkaniec\/wp-json\/wp\/v2\/posts"}],"about":[{"href":"https:\/\/umtykocin.pl\/mieszkaniec\/wp-json\/wp\/v2\/types\/post"}],"author":[{"embeddable":true,"href":"https:\/\/umtykocin.pl\/mieszkaniec\/wp-json\/wp\/v2\/users\/1"}],"replies":[{"embeddable":true,"href":"https:\/\/umtykocin.pl\/mieszkaniec\/wp-json\/wp\/v2\/comments?post=3372"}],"version-history":[{"count":6,"href":"https:\/\/umtykocin.pl\/mieszkaniec\/wp-json\/wp\/v2\/posts\/3372\/revisions"}],"predecessor-version":[{"id":4040,"href":"https:\/\/umtykocin.pl\/mieszkaniec\/wp-json\/wp\/v2\/posts\/3372\/revisions\/4040"}],"wp:featuredmedia":[{"embeddable":true,"href":"https:\/\/umtykocin.pl\/mieszkaniec\/wp-json\/wp\/v2\/media\/1753"}],"wp:attachment":[{"href":"https:\/\/umtykocin.pl\/mieszkaniec\/wp-json\/wp\/v2\/media?parent=3372"}],"wp:term":[{"taxonomy":"category","embeddable":true,"href":"https:\/\/umtykocin.pl\/mieszkaniec\/wp-json\/wp\/v2\/categories?post=3372"},{"taxonomy":"post_tag","embeddable":true,"href":"https:\/\/umtykocin.pl\/mieszkaniec\/wp-json\/wp\/v2\/tags?post=3372"}],"curies":[{"name":"wp","href":"https:\/\/api.w.org\/{rel}","templated":true}]}}