{"id":3412,"date":"2020-03-28T21:54:09","date_gmt":"2020-03-28T20:54:09","guid":{"rendered":"http:\/\/umtykocin.pl\/mieszkaniec\/?p=3412"},"modified":"2020-03-28T21:54:09","modified_gmt":"2020-03-28T20:54:09","slug":"%e2%9d%97%ef%b8%8fw-tej-trudnej-sytuacji-pamietajmy-o-seniorach","status":"publish","type":"post","link":"https:\/\/umtykocin.pl\/mieszkaniec\/%e2%9d%97%ef%b8%8fw-tej-trudnej-sytuacji-pamietajmy-o-seniorach\/","title":{"rendered":"\u2757\ufe0fW tej trudnej sytuacji pami\u0119tajmy o seniorach"},"content":{"rendered":"<h1>To dla nich #koronawirus jest najgro\u017aniejszy! #WspierajSeniora #Zosta\u0144WDomu<\/h1>\n<p>&nbsp;<\/p>\n","protected":false},"excerpt":{"rendered":"<p>To dla nich #koronawirus jest najgro\u017aniejszy! #WspierajSeniora #Zosta\u0144WDomu &nbsp;<\/p>\n","protected":false},"author":1,"featured_media":3413,"comment_status":"closed","ping_status":"open","sticky":false,"template":"","format":"standard","meta":{"_et_pb_use_builder":"","_et_pb_old_content":"","_et_gb_content_width":"","cybocfi_hide_featured_image":"","footnotes":""},"categories":[99,113],"tags":[1441,361,1445,1447,1298,745,1443],"class_list":["post-3412","post","type-post","status-publish","format-standard","has-post-thumbnail","hentry","category-aktualnosci","category-senior","tag-w","tag-o","tag-pamietajmy","tag-seniorach","tag-sytuacji","tag-tej","tag-trudnej","high-contrast"],"_links":{"self":[{"href":"https:\/\/umtykocin.pl\/mieszkaniec\/wp-json\/wp\/v2\/posts\/3412","targetHints":{"allow":["GET"]}}],"collection":[{"href":"https:\/\/umtykocin.pl\/mieszkaniec\/wp-json\/wp\/v2\/posts"}],"about":[{"href":"https:\/\/umtykocin.pl\/mieszkaniec\/wp-json\/wp\/v2\/types\/post"}],"author":[{"embeddable":true,"href":"https:\/\/umtykocin.pl\/mieszkaniec\/wp-json\/wp\/v2\/users\/1"}],"replies":[{"embeddable":true,"href":"https:\/\/umtykocin.pl\/mieszkaniec\/wp-json\/wp\/v2\/comments?post=3412"}],"version-history":[{"count":1,"href":"https:\/\/umtykocin.pl\/mieszkaniec\/wp-json\/wp\/v2\/posts\/3412\/revisions"}],"predecessor-version":[{"id":3414,"href":"https:\/\/umtykocin.pl\/mieszkaniec\/wp-json\/wp\/v2\/posts\/3412\/revisions\/3414"}],"wp:featuredmedia":[{"embeddable":true,"href":"https:\/\/umtykocin.pl\/mieszkaniec\/wp-json\/wp\/v2\/media\/3413"}],"wp:attachment":[{"href":"https:\/\/umtykocin.pl\/mieszkaniec\/wp-json\/wp\/v2\/media?parent=3412"}],"wp:term":[{"taxonomy":"category","embeddable":true,"href":"https:\/\/umtykocin.pl\/mieszkaniec\/wp-json\/wp\/v2\/categories?post=3412"},{"taxonomy":"post_tag","embeddable":true,"href":"https:\/\/umtykocin.pl\/mieszkaniec\/wp-json\/wp\/v2\/tags?post=3412"}],"curies":[{"name":"wp","href":"https:\/\/api.w.org\/{rel}","templated":true}]}}