{"id":3435,"date":"2020-03-30T21:31:22","date_gmt":"2020-03-30T19:31:22","guid":{"rendered":"http:\/\/umtykocin.pl\/mieszkaniec\/?p=3435"},"modified":"2020-03-30T21:31:22","modified_gmt":"2020-03-30T19:31:22","slug":"glowny-inspektorat-sanitarny-przypomina-o-zasadach-opuszczania-kwarantanny-%f0%9f%91%87","status":"publish","type":"post","link":"https:\/\/umtykocin.pl\/mieszkaniec\/glowny-inspektorat-sanitarny-przypomina-o-zasadach-opuszczania-kwarantanny-%f0%9f%91%87\/","title":{"rendered":"G\u0142\u00f3wny Inspektorat Sanitarny przypomina o zasadach opuszczania kwarantanny \ud83d\udc47"},"content":{"rendered":"<p>Kwarantanna nak\u0142adana jest na okres 14 dni. Decyzja o kwarantannie wynika z:<\/p>\n<p><strong>a)<\/strong>\u00a0tytu\u0142u przekroczenia granicy po 15 marca 2020 r. albo<\/p>\n<p><strong>b)<\/strong>\u00a0mo\u017ce by\u0107 przekazana ustnie przez pracownika sanepidu.<\/p>\n<p><strong>a)<\/strong>\u00a0W przypadku przekroczenia granicy \u2013 kwarantanna obowi\u0105zuje przez okres 14 dni licz\u0105c od dnia nast\u0119pnego po dniu przekroczenia granicy. O jej rozpocz\u0119ciu i zako\u0144czeniu informuje Stra\u017c Graniczna w momencie przekroczenia granicy. Dane os\u00f3b przekraczaj\u0105cych granic\u0119 trafiaj\u0105 do systemu, kt\u00f3ry prowadzi wojewoda.<\/p>\n<p>W przypadku w\u0105tpliwo\u015bci dotycz\u0105cych prawid\u0142owo\u015bci dotycz\u0105cych dat kwarantanny zwi\u0105zanej z powrotem do kraju po 15 marca, nale\u017cy kontaktowa\u0107 si\u0119 z urz\u0119dem wojew\u00f3dzkim, w\u0142a\u015bciwym dla miejsca przekroczenia granicy.<\/p>\n<p><strong>b)<\/strong>\u00a0W przypadku kwarantanny nak\u0142adanej przez sanepid \u2013 o jej na\u0142o\u017ceniu informuje, r\u00f3wnie\u017c telefonicznie, pracownik sanepidu. Podczas informacji o na\u0142o\u017ceniu kwarantanny pracownik sanepidu informuje o dacie jej zako\u0144czenia.<\/p>\n<p>Po dacie zako\u0144czenia kwarantanny, w przypadku braku objaw\u00f3w COVID-19, obywatel automatycznie mo\u017ce wr\u00f3ci\u0107 do pracy. Nie jest wymagane dodatkowe za\u015bwiadczenie od sanepidu.<\/p>\n<p>&nbsp;<\/p>\n<p>\u0179r\u00f3d\u0142\u00f3: <a href=\"https:\/\/www.gov.pl\/web\/uw-podlaski\/gis-przypomina-o-zasadach-opuszczania-kwarantanny?fbclid=IwAR0a2tlqdUxqw7mX-UER2rtRHi7gnJutjpok7jflNGqKR7hv_BeihTyUlfw\" target=\"_blank\" rel=\"noopener noreferrer\">https:\/\/www.gov.pl\/web\/uw-podlaski\/gis-przypomina-o-zasadach-opuszczania-kwarantanny?fbclid=IwAR0a2tlqdUxqw7mX-UER2rtRHi7gnJutjpok7jflNGqKR7hv_BeihTyUlfw<\/a><\/p>\n","protected":false},"excerpt":{"rendered":"<p>Kwarantanna nak\u0142adana jest na okres 14 dni. Decyzja o kwarantannie wynika z: a)\u00a0tytu\u0142u przekroczenia granicy po 15 marca 2020 r. albo b)\u00a0mo\u017ce by\u0107 przekazana ustnie przez pracownika sanepidu. a)\u00a0W przypadku przekroczenia granicy \u2013 kwarantanna obowi\u0105zuje przez okres 14 dni licz\u0105c od dnia nast\u0119pnego po dniu przekroczenia granicy. O jej rozpocz\u0119ciu i zako\u0144czeniu informuje Stra\u017c Graniczna [&hellip;]<\/p>\n","protected":false},"author":1,"featured_media":2772,"comment_status":"closed","ping_status":"open","sticky":false,"template":"","format":"standard","meta":{"_et_pb_use_builder":"","_et_pb_old_content":"","_et_gb_content_width":"","cybocfi_hide_featured_image":"","footnotes":""},"categories":[99,1004,151],"tags":[1501,1503,1354,361,1511,1507,1505,1509,1513],"class_list":["post-3435","post","type-post","status-publish","format-standard","has-post-thumbnail","hentry","category-aktualnosci","category-zarzadzanie-kryzysowe","category-zdrowie","tag-glowny","tag-inspektorat","tag-kwarantanny","tag-o","tag-opuszczania","tag-przypomina","tag-sanitarny","tag-zasadach","tag-1513","high-contrast"],"_links":{"self":[{"href":"https:\/\/umtykocin.pl\/mieszkaniec\/wp-json\/wp\/v2\/posts\/3435","targetHints":{"allow":["GET"]}}],"collection":[{"href":"https:\/\/umtykocin.pl\/mieszkaniec\/wp-json\/wp\/v2\/posts"}],"about":[{"href":"https:\/\/umtykocin.pl\/mieszkaniec\/wp-json\/wp\/v2\/types\/post"}],"author":[{"embeddable":true,"href":"https:\/\/umtykocin.pl\/mieszkaniec\/wp-json\/wp\/v2\/users\/1"}],"replies":[{"embeddable":true,"href":"https:\/\/umtykocin.pl\/mieszkaniec\/wp-json\/wp\/v2\/comments?post=3435"}],"version-history":[{"count":2,"href":"https:\/\/umtykocin.pl\/mieszkaniec\/wp-json\/wp\/v2\/posts\/3435\/revisions"}],"predecessor-version":[{"id":3437,"href":"https:\/\/umtykocin.pl\/mieszkaniec\/wp-json\/wp\/v2\/posts\/3435\/revisions\/3437"}],"wp:featuredmedia":[{"embeddable":true,"href":"https:\/\/umtykocin.pl\/mieszkaniec\/wp-json\/wp\/v2\/media\/2772"}],"wp:attachment":[{"href":"https:\/\/umtykocin.pl\/mieszkaniec\/wp-json\/wp\/v2\/media?parent=3435"}],"wp:term":[{"taxonomy":"category","embeddable":true,"href":"https:\/\/umtykocin.pl\/mieszkaniec\/wp-json\/wp\/v2\/categories?post=3435"},{"taxonomy":"post_tag","embeddable":true,"href":"https:\/\/umtykocin.pl\/mieszkaniec\/wp-json\/wp\/v2\/tags?post=3435"}],"curies":[{"name":"wp","href":"https:\/\/api.w.org\/{rel}","templated":true}]}}