{"id":3445,"date":"2020-03-31T16:40:40","date_gmt":"2020-03-31T14:40:40","guid":{"rendered":"http:\/\/umtykocin.pl\/mieszkaniec\/?p=3445"},"modified":"2020-03-31T16:43:53","modified_gmt":"2020-03-31T14:43:53","slug":"kolejne-kroki-w-walce-z-koronawirusem-w-sklepie-mniej-osob-ograniczenia-w-poruszaniu-nieletnich-a-parki-plaze-i-bulwary-zamkniete","status":"publish","type":"post","link":"https:\/\/umtykocin.pl\/mieszkaniec\/kolejne-kroki-w-walce-z-koronawirusem-w-sklepie-mniej-osob-ograniczenia-w-poruszaniu-nieletnich-a-parki-plaze-i-bulwary-zamkniete\/","title":{"rendered":"Kolejne kroki w walce z koronawirusem \u2013 w sklepie mniej os\u00f3b, ograniczenia w poruszaniu nieletnich, a parki, pla\u017ce i bulwary zamkni\u0119te"},"content":{"rendered":"<p>[et_pb_section fb_built=&#8221;1&#8243; admin_label=&#8221;section&#8221; _builder_version=&#8221;3.22&#8243;][et_pb_row admin_label=&#8221;row&#8221; _builder_version=&#8221;3.25&#8243; background_size=&#8221;initial&#8221; background_position=&#8221;top_left&#8221; background_repeat=&#8221;repeat&#8221;][et_pb_column type=&#8221;4_4&#8243; _builder_version=&#8221;3.25&#8243; custom_padding=&#8221;|||&#8221; custom_padding__hover=&#8221;|||&#8221;][et_pb_text admin_label=&#8221;Text&#8221; _builder_version=&#8221;4.3.4&#8243; background_size=&#8221;initial&#8221; background_position=&#8221;top_left&#8221; background_repeat=&#8221;repeat&#8221; hover_enabled=&#8221;0&#8243;]<\/p>\n<p>&nbsp;<\/p>\n<p style=\"text-align: justify\">Wprowadzamy kolejne ograniczenia w zwi\u0105zku z koronawirusem. Od 1 kwietnia do odwo\u0142ania ka\u017cda osoba do 18 roku \u017cycia z domu wyjdzie tylko pod opiek\u0105 doros\u0142ego opiekuna, a parki, bulwary, czy pla\u017ce b\u0119d\u0105 zamkni\u0119te. Za z\u0142amanie zakaz\u00f3w grozi kara od 5 do nawet 30 tys. z\u0142. Opr\u00f3cz tego zmieniamy zasady robienia zakup\u00f3w w sklepach stacjonarnych i zawieszamy dzia\u0142alno\u015b\u0107 salon\u00f3w fryzjerskich, kosmetycznych i tatua\u017cy. Co jeszcze si\u0119 zmienia?<\/p>\n<div style=\"text-align: justify\">\n<p>\u017beby opanowa\u0107 rozprzestrzenianie si\u0119 wirusa w Polsce, jeste\u015bmy zmuszeni podj\u0105\u0107 kolejne kroki. Wi\u0119kszo\u015b\u0107 Polak\u00f3w stosuje si\u0119 do wydawanych zalece\u0144, jednak wci\u0105\u017c zdarzaj\u0105 si\u0119 sytuacje, kt\u00f3re nara\u017caj\u0105 nas wszystkich na ryzyko zara\u017cenia. Przyk\u0142ady z innych kraj\u00f3w pokazuj\u0105, \u017ce kluczem do ograniczenia zaka\u017ce\u0144 jest maksymalne ograniczenie kontakt\u00f3w. Za wszelk\u0105 cen\u0119 musimy zahamowa\u0107 tempo, w jakim dochodzi do dalszej transmisji wirusa. B\u0105d\u017amy ostro\u017cni i stosujmy si\u0119 do nowych zasad!<\/p>\n<p><a href=\"http:\/\/umtykocin.pl\/mieszkaniec\/wp-content\/uploads\/sites\/4\/2020\/03\/kroki.png\"><img loading=\"lazy\" decoding=\"async\" class=\"wp-image-3446 aligncenter size-full\" src=\"http:\/\/umtykocin.pl\/mieszkaniec\/wp-content\/uploads\/sites\/4\/2020\/03\/kroki.png\" alt=\"\" width=\"729\" height=\"308\" srcset=\"http:\/\/umtykocin.pl\/mieszkaniec\/wp-content\/uploads\/sites\/4\/2020\/03\/kroki.png 729w, http:\/\/umtykocin.pl\/mieszkaniec\/wp-content\/uploads\/sites\/4\/2020\/03\/kroki-480x203.png 480w\" sizes=\"(min-width: 0px) and (max-width: 480px) 480px, (min-width: 481px) 729px, 100vw\" \/><\/a><\/p>\n<p>Zw\u0142aszcza, \u017ce najwi\u0119ksza fala zachorowa\u0144 przed nami.<\/p>\n<p>Zw\u0142aszcza, \u017ce za z\u0142amanie zasad grozi grzywna w wysoko\u015bci od 5 tys. do 30 tysi\u0119cy z\u0142otych.<\/p>\n<\/div>\n<div>\n<p style=\"text-align: justify\"><strong>Ograniczenia w liczbie klient\u00f3w w sklepach, na targach, na poczcie (od 1.04.2020 r.)<\/strong><\/p>\n<ul style=\"text-align: justify\">\n<li><strong>Sklepy i punkty us\u0142ugowe \u2013 3 osoby na kas\u0119 lub stanowisko do p\u0142acenia<\/strong><\/li>\n<\/ul>\n<p style=\"text-align: justify\">Do ka\u017cdego sklepu (zar\u00f3wno ma\u0142ego, jak i wielkopowierzchniowego), a tak\u017ce do ka\u017cdego lokalu us\u0142ugowego mo\u017ce wej\u015b\u0107 maksymalnie tyle os\u00f3b, ile wynosi iloczyn liczby wszystkich kas i liczby 3.<\/p>\n<p style=\"text-align: justify\"><strong>PRZYK\u0141AD<\/strong>\u00a0To znaczy, \u017ce je\u015bli w sklepie\u00a0jest 5 kas, to w jednym momencie na terenie sklepu mo\u017ce przebywa\u0107 15 klient\u00f3w.<\/p>\n<p style=\"text-align: justify\"><strong>PRZYK\u0141AD\u00a0<\/strong>Je\u015bli w banku<strong>\u00a0<\/strong>s\u0105 3 stanowiska obs\u0142ugi, to w jednym momencie na terenie banku mo\u017ce przebywa\u0107 9 os\u00f3b.<\/p>\n<p style=\"text-align: justify\">Wa\u017cne! Liczy si\u0119 og\u00f3lna liczba kas, a nie tych, kt\u00f3re s\u0105 czynne.<\/p>\n<ul style=\"text-align: justify\">\n<li><strong>Targowisko \u2013 3 klient\u00f3w na 1 punkt handlowy<\/strong><\/li>\n<\/ul>\n<p style=\"text-align: justify\">Podobne zaostrzenia dotkn\u0105 tak\u017ce targ\u00f3w, stragan\u00f3w i bazark\u00f3w. Z t\u0105 r\u00f3\u017cnic\u0105, \u017ce liczba os\u00f3b przebywaj\u0105cych na targu nie mo\u017ce by\u0107 wi\u0119ksza ni\u017c trzykrotno\u015b\u0107 liczby punkt\u00f3w handlowych.<\/p>\n<p style=\"text-align: justify\"><strong>PRZYK\u0141AD<\/strong>\u00a0Je\u015bli wi\u0119c na osiedlowym bazarze jest 20 takich punkt\u00f3w, to na jego terenie mo\u017ce przebywa\u0107 w jednym momencie maksymalnie 60 klient\u00f3w.<\/p>\n<ul style=\"text-align: justify\">\n<li><strong>Plac\u00f3wki pocztowe \u2013 2 osoby na 1 okienko pocztowe<\/strong><\/li>\n<\/ul>\n<p style=\"text-align: justify\">Na terenie poczty mo\u017ce przebywa\u0107 w jednym momencie tyle os\u00f3b, ile wynosi liczba okienek pocztowych pomno\u017cona przez 2.<\/p>\n<p style=\"text-align: justify\"><strong>PRZYK\u0141AD<\/strong>\u00a0Je\u015bli w plac\u00f3wce jest 5 okienek, w\u00f3wczas w jednym momencie na jej terenie mo\u017ce przebywa\u0107 10 os\u00f3b.<\/p>\n<p style=\"text-align: justify\"><strong>Ograniczenie funkcjonowania sklep\u00f3w budowlanych i nowe obowi\u0105zki dla wszystkich sklep\u00f3w<\/strong><\/p>\n<p style=\"text-align: justify\">W weekendy wielkopowierzchniowe sklepy budowlane b\u0119d\u0105 zamkni\u0119te.<\/p>\n<p style=\"text-align: justify\">Natomiast wszystkie sklepy b\u0119d\u0105 si\u0119 musia\u0142y dostosowa\u0107 do nowych, ostrzejszych zasad bezpiecze\u0144stwa:<\/p>\n<ul style=\"text-align: justify\">\n<li>od 2 kwietnia (czwartek) wszyscy klienci b\u0119d\u0105 robi\u0107 zakupy w jednorazowych r\u0119kawiczkach,<\/li>\n<li>w godzinach od 10:00 do 12:00 sklepy i punkty us\u0142ugowe mog\u0105 przyjmowa\u0107 i obs\u0142ugiwa\u0107 jedynie osoby powy\u017cej 65 roku \u017cycia.\u00a0 W pozosta\u0142ych godzinach sklepy i lokale us\u0142ugowe s\u0105 dost\u0119pne dla wszystkich. W tym dla os\u00f3b powy\u017cej 65. roku \u017cycia.<\/li>\n<\/ul>\n<p style=\"text-align: justify\"><strong>Zamkni\u0119te hotele i inne miejsca noclegowe<\/strong><\/p>\n<p style=\"text-align: justify\">Hotele i inne miejsca noclegowe (dzia\u0142aj\u0105ce na zasadzie wynajmu kr\u00f3tkoterminowego) zostaj\u0105 zamkni\u0119te. Mog\u0105 one funkcjonowa\u0107 tylko i wy\u0142\u0105cznie wtedy, gdy przebywaj\u0105 w nich osoby w kwarantannie lub izolacji, a tak\u017ce gdy przebywa w nich personel medyczny.<\/p>\n<p style=\"text-align: justify\">Wa\u017cne! Go\u015bcie, kt\u00f3rzy przebywaj\u0105 w tych obiektach w momencie wej\u015bcia w \u017cycie nowych przepis\u00f3w, musz\u0105 si\u0119 wykwaterowa\u0107 do czwartku, 2 kwietnia 2020 roku.<\/p>\n<p style=\"text-align: justify\">Nie dotyczy to jednak os\u00f3b, kt\u00f3re s\u0105 w delegacji i korzystaj\u0105 z us\u0142ug noclegowych w ramach wykonywania obowi\u0105zk\u00f3w s\u0142u\u017cbowych. Dla tych os\u00f3b hotele pozostaj\u0105 otwarte.<\/p>\n<p style=\"text-align: justify\"><strong>Automatyczna kwarantanna dla bliskich os\u00f3b w kwarantannie (1.04.2020 r.)<\/strong><\/p>\n<p style=\"text-align: justify\">Rozszerzamy list\u0119 os\u00f3b, kt\u00f3ra b\u0119dzie podlega\u0142a obowi\u0105zkowej kwarantannie domowej. B\u0119d\u0105 ni\u0105 obj\u0119ci wszyscy, kt\u00f3rzy mieszkaj\u0105 z osob\u0105 kierowan\u0105 na kwarantann\u0119. Zasady b\u0119d\u0105 obowi\u0105zywa\u0142y osoby, kt\u00f3re przebywaj\u0105 w jednym mieszkaniu z osobami kierowanymi na kwarantann\u0119 od \u015brody 1 kwietnia 2020.<\/p>\n<p style=\"text-align: justify\"><strong>PRZYK\u0141AD<\/strong>\u00a0Je\u015bli wi\u0119c jeden z Twoich domownik\u00f3w (wsp\u00f3\u0142lokator\u00f3w) poddany zostanie kwarantannie od 1 kwietnia 2020 z powodu:<\/p>\n<ul style=\"text-align: justify\">\n<li>powrotu z zagranicy<\/li>\n<li>kontaktu z zara\u017conym<\/li>\n<\/ul>\n<p style=\"text-align: justify\">\u2013\u00a0Ty r\u00f3wnie\u017c b\u0119dziesz musia\u0142 j\u0105 odby\u0107.<\/p>\n<p style=\"text-align: justify\"><strong>Zawieszenie rehabilitacji i zamkni\u0119cie salon\u00f3w kosmetycznych i fryzjerskich<\/strong><\/p>\n<p style=\"text-align: justify\">Zamkni\u0119te zostaj\u0105 bez wyj\u0105tk\u00f3w wszystkie zak\u0142ady fryzjerskie, kosmetyczne, salony tatua\u017cu i piercingu. Tych us\u0142ug nie b\u0119dzie mo\u017cna realizowa\u0107 r\u00f3wnie\u017c poza salonami \u2013 np. wizyty w domach nie wchodz\u0105 w gr\u0119.<\/p>\n<p style=\"text-align: justify\">Zawieszamy r\u00f3wnie\u017c wykonywanie zabieg\u00f3w rehabilitacyjnych i masa\u017cy \u2013 zar\u00f3wno w plac\u00f3wkach publicznych, jak i prywatnych. Wyj\u0105tkiem s\u0105 sytuacje, w kt\u00f3rych rehabilitacja jest bezwzgl\u0119dnie wymagana stanem zdrowia pacjenta.<\/p>\n<p style=\"text-align: justify\"><strong>Zakaz wychodzenia z domu os\u00f3b do 18. roku \u017cycia bez opieki doros\u0142ego<\/strong><\/p>\n<p style=\"text-align: justify\">Dzieci i m\u0142odzie\u017c, kt\u00f3re nie uko\u0144czy\u0142y 18 roku \u017cycia, nie b\u0119d\u0105 mog\u0142y wyj\u015b\u0107 z domu bez opieki. Tylko obecno\u015b\u0107 rodzica, opiekuna prawnego lub kogo\u015b doros\u0142ego usprawiedliwia ich obecno\u015b\u0107 na ulicy.<\/p>\n<p style=\"text-align: justify\">W mocy nadal jednak pozostaj\u0105 ograniczenia w przemieszczaniu si\u0119 wszystkich os\u00f3b. W dalszym ci\u0105gu nie mo\u017cna wychodzi\u0107 z domu z wyj\u0105tkiem:<\/p>\n<ul style=\"text-align: justify\">\n<li><strong>dojazdu do pracy<\/strong>. Je\u015bli jeste\u015b pracownikiem, prowadzisz swoj\u0105 firm\u0119, czy gospodarstwo rolne, masz prawo dojecha\u0107 do swojej pracy. Masz r\u00f3wnie\u017c prawo uda\u0107 si\u0119 po zakup towar\u00f3w i us\u0142ug zwi\u0105zanych ze swoj\u0105 zawodow\u0105 dzia\u0142alno\u015bci\u0105.<\/li>\n<li><strong>wolontariatu na rzecz walki z COVID-19.\u00a0<\/strong>Je\u015bli<strong>\u00a0<\/strong>dzia\u0142asz na rzecz walki z koronawirusem i pomagasz potrzebuj\u0105cym przebywaj\u0105cym na kwarantannie lub osobom, kt\u00f3re nie powinny wychodzi\u0107 z domu, mo\u017cesz si\u0119 przemieszcza\u0107 w ramach tej dzia\u0142alno\u015bci.<\/li>\n<li><strong>za\u0142atwiania spraw niezb\u0119dnych do \u017cycia codziennego.\u00a0<\/strong>B\u0119dziesz m\u00f3g\u0142 si\u0119 przemieszcza\u0107, aby zrobi\u0107 niezb\u0119dne zakupy, wykupi\u0107 lekarstwa, uda\u0107 si\u0119 do lekarza, opiekowa\u0107 si\u0119 bliskimi, wyprowadzi\u0107 psa.<\/li>\n<\/ul>\n<p style=\"text-align: justify\"><strong>Zakaz korzystania z park\u00f3w, pla\u017c, bulwar\u00f3w, promenad i rower\u00f3w miejskich<\/strong><\/p>\n<p style=\"text-align: justify\">Wprowadzamy tak\u017ce do odwo\u0142ania zakaz przebywania na pla\u017cach i terenach zielonych, pe\u0142ni\u0105cych funkcje publiczne. Zakaz dotyczy wi\u0119c park\u00f3w, ziele\u0144c\u00f3w, promenad, bulwar\u00f3w, ogrod\u00f3w botanicznych i zoologicznych, czy ogr\u00f3dk\u00f3w jordanowskich. Ostatnie do\u015bwiadczenia pokazuj\u0105, \u017ce s\u0105 to miejsca, w kt\u00f3rych dochodzi do gromadzenia si\u0119 ludzi, a tym samym \u2013 do zwi\u0119kszenia szans na zaka\u017cenie.<\/p>\n<p style=\"text-align: justify\">Z tego te\u017c powodu ograniczamy mo\u017cliwo\u015b\u0107 korzystania z rower\u00f3w miejskich.<\/p>\n<p style=\"text-align: justify\"><strong>2 metry \u2013 minimalna odleg\u0142o\u015b\u0107 mi\u0119dzy pieszymi<\/strong><\/p>\n<p style=\"text-align: justify\">Wprowadzamy obowi\u0105zek utrzymania co najmniej 2-metrowej odleg\u0142o\u015bci mi\u0119dzy pieszymi. Dotyczy to tak\u017ce rodzin i bliskich.<\/p>\n<p style=\"text-align: justify\">Wy\u0142\u0105czeni z tego obowi\u0105zku b\u0119d\u0105:<\/p>\n<ul style=\"text-align: justify\">\n<li>rodzice z dzie\u0107mi wymagaj\u0105cymi opieki (do 13 roku \u017cycia),<\/li>\n<li>a tak\u017ce osoby niepe\u0142nosprawne lub niemog\u0105ce si\u0119 samodzielnie porusza\u0107 i ich opiekunowie.<\/li>\n<\/ul>\n<p style=\"text-align: justify\"><strong>Urz\u0119dy na pracy zdalnej<\/strong><\/p>\n<p style=\"text-align: justify\">Instytucje publiczne swoje obowi\u0105zki b\u0119d\u0105 wykonywa\u0142y zdalnie. Wyj\u0105tek mog\u0105 stanowi\u0107 jedynie czynno\u015bci, w kt\u00f3rych praca zdalna nie gwarantuje mo\u017cliwo\u015bci realizacji ich kluczowych obowi\u0105zk\u00f3w.<\/p>\n<p style=\"text-align: justify\"><strong>Limit pasa\u017cer\u00f3w r\u00f3wnie\u017c w pojazdach 9+ (od 2.04.2020 r.)<\/strong><\/p>\n<p style=\"text-align: justify\">W zbiorowym transporcie publicznym obowi\u0105zuje ju\u017c zasada \u201etyle pasa\u017cer\u00f3w, ile po\u0142owa miejsc siedz\u0105cych w poje\u017adzie\u201d. Rozszerzamy ten wym\u00f3g tak\u017ce na pojazdy, kt\u00f3re maj\u0105 wi\u0119cej ni\u017c 9 miejsc siedz\u0105cych, w tym transport niepubliczny \u2013 np.\u00a0dowo\u017c\u0105cych do pracy w zorganizowany spos\u00f3b, czy prywatnych przewo\u017anik\u00f3w.<\/p>\n<p style=\"text-align: justify\"><strong>PRZYK\u0141AD\u00a0<\/strong>Je\u015bli w busie jest 20 miejsc, to na pok\u0142ad pojazdu mo\u017ce jednorazowo wej\u015b\u0107 maksymalnie 10 os\u00f3b.<\/p>\n<p style=\"text-align: justify\">Wa\u017cne! Ograniczenie wejdzie w \u017cycie w czwartek, 2 kwietnia 2020 roku i nie dotyczy samochod\u00f3w osobowych.<\/p>\n<p style=\"text-align: justify\"><strong>Miejsca pracy \u2013 dodatkowe zabezpieczenia dla pracownik\u00f3w (od 2.04.2020 r.)<\/strong><\/p>\n<p style=\"text-align: justify\">Pracodawcy b\u0119d\u0105 musieli zapewni\u0107 dodatkowe \u015brodki bezpiecze\u0144stwa swoim pracownikom. I tak:<\/p>\n<ul style=\"text-align: justify\">\n<li>stanowiska pracy poszczeg\u00f3lnych os\u00f3b musz\u0105 by\u0107 oddalone od siebie o co najmniej 1,5 metra.<\/li>\n<li>pracownicy maj\u0105 obowi\u0105zek u\u017cywania r\u0119kawiczek lub musz\u0105 mie\u0107 dost\u0119p do p\u0142yn\u00f3w dezynfekuj\u0105cych.<\/li>\n<\/ul>\n<p style=\"text-align: justify\">Wa\u017cne! Pracodawca musi zapewni\u0107 te \u015brodki bezpiecze\u0144stwa od czwartku, 2 kwietnia 2020 roku.<\/p>\n<h3><a href=\"https:\/\/www.gov.pl\/web\/koronawirus\/aktualne-zasady-i-ograniczenia\">Wszystkie zasady bezpiecze\u0144stwa zebrali\u015bmy w jednej zak\u0142adce. Przeczytaj i zastosuj si\u0119!<\/a><\/h3>\n<div>\n<p>\u0179r\u00f3d\u0142o: <a href=\"https:\/\/www.gov.pl\/web\/koronawirus\/kolejne-kroki\" target=\"_blank\" rel=\"noopener noreferrer\">https:\/\/www.gov.pl\/web\/koronawirus\/kolejne-kroki<\/a><\/p>\n<\/div>\n<\/div>\n<p>[\/et_pb_text][\/et_pb_column][\/et_pb_row][\/et_pb_section]<\/p>\n","protected":false},"excerpt":{"rendered":"<p>&nbsp; Wprowadzamy kolejne ograniczenia w zwi\u0105zku z koronawirusem. Od 1 kwietnia do odwo\u0142ania ka\u017cda osoba do 18 roku \u017cycia z domu wyjdzie tylko pod opiek\u0105 doros\u0142ego opiekuna, a parki, bulwary, czy pla\u017ce b\u0119d\u0105 zamkni\u0119te. Za z\u0142amanie zakaz\u00f3w grozi kara od 5 do nawet 30 tys. z\u0142. Opr\u00f3cz tego zmieniamy zasady robienia zakup\u00f3w w sklepach stacjonarnych [&hellip;]<\/p>\n","protected":false},"author":1,"featured_media":3449,"comment_status":"closed","ping_status":"open","sticky":false,"template":"","format":"standard","meta":{"_et_pb_use_builder":"on","_et_pb_old_content":"<a href=\"http:\/\/umtykocin.pl\/mieszkaniec\/wp-content\/uploads\/sites\/4\/2020\/03\/kroki.png\"><img class=\"aligncenter size-full wp-image-3446\" src=\"http:\/\/umtykocin.pl\/mieszkaniec\/wp-content\/uploads\/sites\/4\/2020\/03\/kroki.png\" alt=\"\" width=\"729\" height=\"308\" \/><\/a>\r\n\r\nWprowadzamy kolejne ograniczenia w zwi\u0105zku z koronawirusem. Od 1 kwietnia do odwo\u0142ania ka\u017cda osoba do 18 roku \u017cycia z domu wyjdzie tylko pod opiek\u0105 doros\u0142ego opiekuna, a parki, bulwary, czy pla\u017ce b\u0119d\u0105 zamkni\u0119te. Za z\u0142amanie zakaz\u00f3w grozi kara od 5 do nawet 30 tys. z\u0142. Opr\u00f3cz tego zmieniamy zasady robienia zakup\u00f3w w sklepach stacjonarnych i zawieszamy dzia\u0142alno\u015b\u0107 salon\u00f3w fryzjerskich, kosmetycznych i tatua\u017cy. Co jeszcze si\u0119 zmienia?\r\n<div>\r\n\r\n\u017beby opanowa\u0107 rozprzestrzenianie si\u0119 wirusa w Polsce, jeste\u015bmy zmuszeni podj\u0105\u0107 kolejne kroki. Wi\u0119kszo\u015b\u0107 Polak\u00f3w stosuje si\u0119 do wydawanych zalece\u0144, jednak wci\u0105\u017c zdarzaj\u0105 si\u0119 sytuacje, kt\u00f3re nara\u017caj\u0105 nas wszystkich na ryzyko zara\u017cenia. Przyk\u0142ady z innych kraj\u00f3w pokazuj\u0105, \u017ce kluczem do ograniczenia zaka\u017ce\u0144 jest maksymalne ograniczenie kontakt\u00f3w. Za wszelk\u0105 cen\u0119 musimy zahamowa\u0107 tempo, w jakim dochodzi do dalszej transmisji wirusa. B\u0105d\u017amy ostro\u017cni i stosujmy si\u0119 do nowych zasad!\r\n\r\nZw\u0142aszcza, \u017ce najwi\u0119ksza fala zachorowa\u0144 przed nami.\r\n\r\nZw\u0142aszcza, \u017ce za z\u0142amanie zasad grozi grzywna w wysoko\u015bci od 5 tys. do 30 tysi\u0119cy z\u0142otych.\r\n\r\n<\/div>\r\n<div>\r\n\r\n<strong>Ograniczenia w liczbie klient\u00f3w w sklepach, na targach, na poczcie (od 1.04.2020 r.)<\/strong>\r\n<ul>\r\n \t<li><strong>Sklepy i punkty us\u0142ugowe \u2013 3 osoby na kas\u0119 lub stanowisko do p\u0142acenia<\/strong><\/li>\r\n<\/ul>\r\nDo ka\u017cdego sklepu (zar\u00f3wno ma\u0142ego, jak i wielkopowierzchniowego), a tak\u017ce do ka\u017cdego lokalu us\u0142ugowego mo\u017ce wej\u015b\u0107 maksymalnie tyle os\u00f3b, ile wynosi iloczyn liczby wszystkich kas i liczby 3.\r\n\r\n<strong>PRZYK\u0141AD<\/strong>\u00a0To znaczy, \u017ce je\u015bli w sklepie\u00a0jest 5 kas, to w jednym momencie na terenie sklepu mo\u017ce przebywa\u0107 15 klient\u00f3w.\r\n\r\n<strong>PRZYK\u0141AD\u00a0<\/strong>Je\u015bli w banku<strong>\u00a0<\/strong>s\u0105 3 stanowiska obs\u0142ugi, to w jednym momencie na terenie banku mo\u017ce przebywa\u0107 9 os\u00f3b.\r\n\r\nWa\u017cne! Liczy si\u0119 og\u00f3lna liczba kas, a nie tych, kt\u00f3re s\u0105 czynne.\r\n<ul>\r\n \t<li><strong>Targowisko \u2013 3 klient\u00f3w na 1 punkt handlowy<\/strong><\/li>\r\n<\/ul>\r\nPodobne zaostrzenia dotkn\u0105 tak\u017ce targ\u00f3w, stragan\u00f3w i bazark\u00f3w. Z t\u0105 r\u00f3\u017cnic\u0105, \u017ce liczba os\u00f3b przebywaj\u0105cych na targu nie mo\u017ce by\u0107 wi\u0119ksza ni\u017c trzykrotno\u015b\u0107 liczby punkt\u00f3w handlowych.\r\n\r\n<strong>PRZYK\u0141AD<\/strong>\u00a0Je\u015bli wi\u0119c na osiedlowym bazarze jest 20 takich punkt\u00f3w, to na jego terenie mo\u017ce przebywa\u0107 w jednym momencie maksymalnie 60 klient\u00f3w.\r\n<ul>\r\n \t<li><strong>Plac\u00f3wki pocztowe \u2013 2 osoby na 1 okienko pocztowe<\/strong><\/li>\r\n<\/ul>\r\nNa terenie poczty mo\u017ce przebywa\u0107 w jednym momencie tyle os\u00f3b, ile wynosi liczba okienek pocztowych pomno\u017cona przez 2.\r\n\r\n<strong>PRZYK\u0141AD<\/strong>\u00a0Je\u015bli w plac\u00f3wce jest 5 okienek, w\u00f3wczas w jednym momencie na jej terenie mo\u017ce przebywa\u0107 10 os\u00f3b.\r\n\r\n<strong>Ograniczenie funkcjonowania sklep\u00f3w budowlanych i nowe obowi\u0105zki dla wszystkich sklep\u00f3w<\/strong>\r\n\r\nW weekendy wielkopowierzchniowe sklepy budowlane b\u0119d\u0105 zamkni\u0119te.\r\n\r\nNatomiast wszystkie sklepy b\u0119d\u0105 si\u0119 musia\u0142y dostosowa\u0107 do nowych, ostrzejszych zasad bezpiecze\u0144stwa:\r\n<ul>\r\n \t<li>od 2 kwietnia (czwartek) wszyscy klienci b\u0119d\u0105 robi\u0107 zakupy w jednorazowych r\u0119kawiczkach,<\/li>\r\n \t<li>w godzinach od 10:00 do 12:00 sklepy i punkty us\u0142ugowe mog\u0105 przyjmowa\u0107 i obs\u0142ugiwa\u0107 jedynie osoby powy\u017cej 65 roku \u017cycia.\u00a0 W pozosta\u0142ych godzinach sklepy i lokale us\u0142ugowe s\u0105 dost\u0119pne dla wszystkich. W tym dla os\u00f3b powy\u017cej 65. roku \u017cycia.<\/li>\r\n<\/ul>\r\n<strong>Zamkni\u0119te hotele i inne miejsca noclegowe<\/strong>\r\n\r\nHotele i inne miejsca noclegowe (dzia\u0142aj\u0105ce na zasadzie wynajmu kr\u00f3tkoterminowego) zostaj\u0105 zamkni\u0119te. Mog\u0105 one funkcjonowa\u0107 tylko i wy\u0142\u0105cznie wtedy, gdy przebywaj\u0105 w nich osoby w kwarantannie lub izolacji, a tak\u017ce gdy przebywa w nich personel medyczny.\r\n\r\nWa\u017cne! Go\u015bcie, kt\u00f3rzy przebywaj\u0105 w tych obiektach w momencie wej\u015bcia w \u017cycie nowych przepis\u00f3w, musz\u0105 si\u0119 wykwaterowa\u0107 do czwartku, 2 kwietnia 2020 roku.\r\n\r\nNie dotyczy to jednak os\u00f3b, kt\u00f3re s\u0105 w delegacji i korzystaj\u0105 z us\u0142ug noclegowych w ramach wykonywania obowi\u0105zk\u00f3w s\u0142u\u017cbowych. Dla tych os\u00f3b hotele pozostaj\u0105 otwarte.\r\n\r\n<strong>Automatyczna kwarantanna dla bliskich os\u00f3b w kwarantannie (1.04.2020 r.)<\/strong>\r\n\r\nRozszerzamy list\u0119 os\u00f3b, kt\u00f3ra b\u0119dzie podlega\u0142a obowi\u0105zkowej kwarantannie domowej. B\u0119d\u0105 ni\u0105 obj\u0119ci wszyscy, kt\u00f3rzy mieszkaj\u0105 z osob\u0105 kierowan\u0105 na kwarantann\u0119. Zasady b\u0119d\u0105 obowi\u0105zywa\u0142y osoby, kt\u00f3re przebywaj\u0105 w jednym mieszkaniu z osobami kierowanymi na kwarantann\u0119 od \u015brody 1 kwietnia 2020.\r\n\r\n<strong>PRZYK\u0141AD<\/strong>\u00a0Je\u015bli wi\u0119c jeden z Twoich domownik\u00f3w (wsp\u00f3\u0142lokator\u00f3w) poddany zostanie kwarantannie od 1 kwietnia 2020 z powodu:\r\n<ul>\r\n \t<li>powrotu z zagranicy<\/li>\r\n \t<li>kontaktu z zara\u017conym<\/li>\r\n<\/ul>\r\n\u2013\u00a0Ty r\u00f3wnie\u017c b\u0119dziesz musia\u0142 j\u0105 odby\u0107.\r\n\r\n<strong>Zawieszenie rehabilitacji i zamkni\u0119cie salon\u00f3w kosmetycznych i fryzjerskich<\/strong>\r\n\r\nZamkni\u0119te zostaj\u0105 bez wyj\u0105tk\u00f3w wszystkie zak\u0142ady fryzjerskie, kosmetyczne, salony tatua\u017cu i piercingu. Tych us\u0142ug nie b\u0119dzie mo\u017cna realizowa\u0107 r\u00f3wnie\u017c poza salonami \u2013 np. wizyty w domach nie wchodz\u0105 w gr\u0119.\r\n\r\nZawieszamy r\u00f3wnie\u017c wykonywanie zabieg\u00f3w rehabilitacyjnych i masa\u017cy \u2013 zar\u00f3wno w plac\u00f3wkach publicznych, jak i prywatnych. Wyj\u0105tkiem s\u0105 sytuacje, w kt\u00f3rych rehabilitacja jest bezwzgl\u0119dnie wymagana stanem zdrowia pacjenta.\r\n\r\n<strong>Zakaz wychodzenia z domu os\u00f3b do 18. roku \u017cycia bez opieki doros\u0142ego<\/strong>\r\n\r\nDzieci i m\u0142odzie\u017c, kt\u00f3re nie uko\u0144czy\u0142y 18 roku \u017cycia, nie b\u0119d\u0105 mog\u0142y wyj\u015b\u0107 z domu bez opieki. Tylko obecno\u015b\u0107 rodzica, opiekuna prawnego lub kogo\u015b doros\u0142ego usprawiedliwia ich obecno\u015b\u0107 na ulicy.\r\n\r\nW mocy nadal jednak pozostaj\u0105 ograniczenia w przemieszczaniu si\u0119 wszystkich os\u00f3b. W dalszym ci\u0105gu nie mo\u017cna wychodzi\u0107 z domu z wyj\u0105tkiem:\r\n<ul>\r\n \t<li><strong>dojazdu do pracy<\/strong>. Je\u015bli jeste\u015b pracownikiem, prowadzisz swoj\u0105 firm\u0119, czy gospodarstwo rolne, masz prawo dojecha\u0107 do swojej pracy. Masz r\u00f3wnie\u017c prawo uda\u0107 si\u0119 po zakup towar\u00f3w i us\u0142ug zwi\u0105zanych ze swoj\u0105 zawodow\u0105 dzia\u0142alno\u015bci\u0105.<\/li>\r\n \t<li><strong>wolontariatu na rzecz walki z COVID-19.\u00a0<\/strong>Je\u015bli<strong>\u00a0<\/strong>dzia\u0142asz na rzecz walki z koronawirusem i pomagasz potrzebuj\u0105cym przebywaj\u0105cym na kwarantannie lub osobom, kt\u00f3re nie powinny wychodzi\u0107 z domu, mo\u017cesz si\u0119 przemieszcza\u0107 w ramach tej dzia\u0142alno\u015bci.<\/li>\r\n \t<li><strong>za\u0142atwiania spraw niezb\u0119dnych do \u017cycia codziennego.\u00a0<\/strong>B\u0119dziesz m\u00f3g\u0142 si\u0119 przemieszcza\u0107, aby zrobi\u0107 niezb\u0119dne zakupy, wykupi\u0107 lekarstwa, uda\u0107 si\u0119 do lekarza, opiekowa\u0107 si\u0119 bliskimi, wyprowadzi\u0107 psa.<\/li>\r\n<\/ul>\r\n<strong>Zakaz korzystania z park\u00f3w, pla\u017c, bulwar\u00f3w, promenad i rower\u00f3w miejskich<\/strong>\r\n\r\nWprowadzamy tak\u017ce do odwo\u0142ania zakaz przebywania na pla\u017cach i terenach zielonych, pe\u0142ni\u0105cych funkcje publiczne. Zakaz dotyczy wi\u0119c park\u00f3w, ziele\u0144c\u00f3w, promenad, bulwar\u00f3w, ogrod\u00f3w botanicznych i zoologicznych, czy ogr\u00f3dk\u00f3w jordanowskich. Ostatnie do\u015bwiadczenia pokazuj\u0105, \u017ce s\u0105 to miejsca, w kt\u00f3rych dochodzi do gromadzenia si\u0119 ludzi, a tym samym \u2013 do zwi\u0119kszenia szans na zaka\u017cenie.\r\n\r\nZ tego te\u017c powodu ograniczamy mo\u017cliwo\u015b\u0107 korzystania z rower\u00f3w miejskich.\r\n\r\n<strong>2 metry \u2013 minimalna odleg\u0142o\u015b\u0107 mi\u0119dzy pieszymi<\/strong>\r\n\r\nWprowadzamy obowi\u0105zek utrzymania co najmniej 2-metrowej odleg\u0142o\u015bci mi\u0119dzy pieszymi. Dotyczy to tak\u017ce rodzin i bliskich.\r\n\r\nWy\u0142\u0105czeni z tego obowi\u0105zku b\u0119d\u0105:\r\n<ul>\r\n \t<li>rodzice z dzie\u0107mi wymagaj\u0105cymi opieki (do 13 roku \u017cycia),<\/li>\r\n \t<li>a tak\u017ce osoby niepe\u0142nosprawne lub niemog\u0105ce si\u0119 samodzielnie porusza\u0107 i ich opiekunowie.<\/li>\r\n<\/ul>\r\n<strong>Urz\u0119dy na pracy zdalnej<\/strong>\r\n\r\nInstytucje publiczne swoje obowi\u0105zki b\u0119d\u0105 wykonywa\u0142y zdalnie. Wyj\u0105tek mog\u0105 stanowi\u0107 jedynie czynno\u015bci, w kt\u00f3rych praca zdalna nie gwarantuje mo\u017cliwo\u015bci realizacji ich kluczowych obowi\u0105zk\u00f3w.\r\n\r\n<strong>Limit pasa\u017cer\u00f3w r\u00f3wnie\u017c w pojazdach 9+ (od 2.04.2020 r.)<\/strong>\r\n\r\nW zbiorowym transporcie publicznym obowi\u0105zuje ju\u017c zasada \u201etyle pasa\u017cer\u00f3w, ile po\u0142owa miejsc siedz\u0105cych w poje\u017adzie\u201d. Rozszerzamy ten wym\u00f3g tak\u017ce na pojazdy, kt\u00f3re maj\u0105 wi\u0119cej ni\u017c 9 miejsc siedz\u0105cych, w tym transport niepubliczny \u2013 np.\u00a0dowo\u017c\u0105cych do pracy w zorganizowany spos\u00f3b, czy prywatnych przewo\u017anik\u00f3w.\r\n\r\n<strong>PRZYK\u0141AD\u00a0<\/strong>Je\u015bli w busie jest 20 miejsc, to na pok\u0142ad pojazdu mo\u017ce jednorazowo wej\u015b\u0107 maksymalnie 10 os\u00f3b.\r\n\r\nWa\u017cne! Ograniczenie wejdzie w \u017cycie w czwartek, 2 kwietnia 2020 roku i nie dotyczy samochod\u00f3w osobowych.\r\n\r\n<strong>Miejsca pracy \u2013 dodatkowe zabezpieczenia dla pracownik\u00f3w (od 2.04.2020 r.)<\/strong>\r\n\r\nPracodawcy b\u0119d\u0105 musieli zapewni\u0107 dodatkowe \u015brodki bezpiecze\u0144stwa swoim pracownikom. I tak:\r\n<ul>\r\n \t<li>stanowiska pracy poszczeg\u00f3lnych os\u00f3b musz\u0105 by\u0107 oddalone od siebie o co najmniej 1,5 metra.<\/li>\r\n \t<li>pracownicy maj\u0105 obowi\u0105zek u\u017cywania r\u0119kawiczek lub musz\u0105 mie\u0107 dost\u0119p do p\u0142yn\u00f3w dezynfekuj\u0105cych.<\/li>\r\n<\/ul>\r\nWa\u017cne! Pracodawca musi zapewni\u0107 te \u015brodki bezpiecze\u0144stwa od czwartku, 2 kwietnia 2020 roku.\r\n<h3><a href=\"https:\/\/www.gov.pl\/web\/koronawirus\/aktualne-zasady-i-ograniczenia\">Wszystkie zasady bezpiecze\u0144stwa zebrali\u015bmy w jednej zak\u0142adce. Przeczytaj i zastosuj si\u0119!<\/a><\/h3>\r\n<div>\r\n\r\n\u0179r\u00f3d\u0142o: <a href=\"https:\/\/www.gov.pl\/web\/koronawirus\/kolejne-kroki\" target=\"_blank\" rel=\"noopener noreferrer\">https:\/\/www.gov.pl\/web\/koronawirus\/kolejne-kroki<\/a>\r\n\r\n<\/div>\r\n<\/div>","_et_gb_content_width":"","cybocfi_hide_featured_image":"","footnotes":""},"categories":[99,1004,151],"tags":[719,1541,1547,247,1527,735,1529,1535,1539,1084,367,1543,1545,1537,1533,215,1531,259,1549],"class_list":["post-3445","post","type-post","status-publish","format-standard","has-post-thumbnail","hentry","category-aktualnosci","category-zarzadzanie-kryzysowe","category-zdrowie","tag-719","tag-a","tag-bulwary","tag-i","tag-kolejne","tag-koronawirusem","tag-kroki","tag-mniej","tag-nieletnich","tag-ograniczenia","tag-osob","tag-parki","tag-plaze","tag-poruszaniu","tag-sklepie","tag-w","tag-walce","tag-z","tag-zamkniete","high-contrast"],"_links":{"self":[{"href":"https:\/\/umtykocin.pl\/mieszkaniec\/wp-json\/wp\/v2\/posts\/3445","targetHints":{"allow":["GET"]}}],"collection":[{"href":"https:\/\/umtykocin.pl\/mieszkaniec\/wp-json\/wp\/v2\/posts"}],"about":[{"href":"https:\/\/umtykocin.pl\/mieszkaniec\/wp-json\/wp\/v2\/types\/post"}],"author":[{"embeddable":true,"href":"https:\/\/umtykocin.pl\/mieszkaniec\/wp-json\/wp\/v2\/users\/1"}],"replies":[{"embeddable":true,"href":"https:\/\/umtykocin.pl\/mieszkaniec\/wp-json\/wp\/v2\/comments?post=3445"}],"version-history":[{"count":6,"href":"https:\/\/umtykocin.pl\/mieszkaniec\/wp-json\/wp\/v2\/posts\/3445\/revisions"}],"predecessor-version":[{"id":3454,"href":"https:\/\/umtykocin.pl\/mieszkaniec\/wp-json\/wp\/v2\/posts\/3445\/revisions\/3454"}],"wp:featuredmedia":[{"embeddable":true,"href":"https:\/\/umtykocin.pl\/mieszkaniec\/wp-json\/wp\/v2\/media\/3449"}],"wp:attachment":[{"href":"https:\/\/umtykocin.pl\/mieszkaniec\/wp-json\/wp\/v2\/media?parent=3445"}],"wp:term":[{"taxonomy":"category","embeddable":true,"href":"https:\/\/umtykocin.pl\/mieszkaniec\/wp-json\/wp\/v2\/categories?post=3445"},{"taxonomy":"post_tag","embeddable":true,"href":"https:\/\/umtykocin.pl\/mieszkaniec\/wp-json\/wp\/v2\/tags?post=3445"}],"curies":[{"name":"wp","href":"https:\/\/api.w.org\/{rel}","templated":true}]}}