{"id":3462,"date":"2020-04-01T09:20:05","date_gmt":"2020-04-01T07:20:05","guid":{"rendered":"http:\/\/umtykocin.pl\/mieszkaniec\/?p=3462"},"modified":"2020-04-01T09:20:05","modified_gmt":"2020-04-01T07:20:05","slug":"%e2%9d%97%ef%b8%8foficjalnie-na-terenie-naszego-kraju-wprowadzono-nowe-obostrzenia-zwiazane-z-rozprzestrzenianiem-sie-koronawirusa","status":"publish","type":"post","link":"https:\/\/umtykocin.pl\/mieszkaniec\/%e2%9d%97%ef%b8%8foficjalnie-na-terenie-naszego-kraju-wprowadzono-nowe-obostrzenia-zwiazane-z-rozprzestrzenianiem-sie-koronawirusa\/","title":{"rendered":"\u2757\ufe0fOficjalnie na terenie naszego kraju wprowadzono nowe obostrzenia zwi\u0105zane z rozprzestrzenianiem si\u0119 #koronawirusa"},"content":{"rendered":"<h1>Obowi\u0105zywa\u0107 b\u0119d\u0105 od 1 kwietnia przez okres przynajmniej dw\u00f3ch tygodni!<\/h1>\n<p><a href=\"http:\/\/umtykocin.pl\/mieszkaniec\/wp-content\/uploads\/sites\/4\/2020\/04\/cz1.png\"><img loading=\"lazy\" decoding=\"async\" class=\"aligncenter size-full wp-image-3463\" src=\"http:\/\/umtykocin.pl\/mieszkaniec\/wp-content\/uploads\/sites\/4\/2020\/04\/cz1.png\" alt=\"\" width=\"960\" height=\"758\" \/><\/a><\/p>\n<p><a href=\"http:\/\/umtykocin.pl\/mieszkaniec\/wp-content\/uploads\/sites\/4\/2020\/04\/cz2.png\"><img loading=\"lazy\" decoding=\"async\" class=\"aligncenter size-full wp-image-3464\" src=\"http:\/\/umtykocin.pl\/mieszkaniec\/wp-content\/uploads\/sites\/4\/2020\/04\/cz2.png\" alt=\"\" width=\"960\" height=\"758\" srcset=\"http:\/\/umtykocin.pl\/mieszkaniec\/wp-content\/uploads\/sites\/4\/2020\/04\/cz2.png 960w, http:\/\/umtykocin.pl\/mieszkaniec\/wp-content\/uploads\/sites\/4\/2020\/04\/cz2-480x379.png 480w\" sizes=\"(min-width: 0px) and (max-width: 480px) 480px, (min-width: 481px) 960px, 100vw\" \/><\/a><\/p>\n","protected":false},"excerpt":{"rendered":"<p>Obowi\u0105zywa\u0107 b\u0119d\u0105 od 1 kwietnia przez okres przynajmniej dw\u00f3ch tygodni!<\/p>\n","protected":false},"author":1,"featured_media":3174,"comment_status":"closed","ping_status":"open","sticky":false,"template":"","format":"standard","meta":{"_et_pb_use_builder":"","_et_pb_old_content":"","_et_gb_content_width":"","cybocfi_hide_featured_image":"","footnotes":""},"categories":[99,1004,151],"tags":[1008,1028,1012,343,1010,323,1581,1024,1026,551,1014,259,1455],"class_list":["post-3462","post","type-post","status-publish","format-standard","has-post-thumbnail","hentry","category-aktualnosci","category-zarzadzanie-kryzysowe","category-zdrowie","tag-oficjalnie","tag-koronawirusa","tag-kraju","tag-na","tag-naszego","tag-nowe","tag-obostrzenia","tag-rozprzestrzenianiem","tag-sie","tag-terenie","tag-wprowadzono","tag-z","tag-zwiazane","high-contrast"],"_links":{"self":[{"href":"https:\/\/umtykocin.pl\/mieszkaniec\/wp-json\/wp\/v2\/posts\/3462","targetHints":{"allow":["GET"]}}],"collection":[{"href":"https:\/\/umtykocin.pl\/mieszkaniec\/wp-json\/wp\/v2\/posts"}],"about":[{"href":"https:\/\/umtykocin.pl\/mieszkaniec\/wp-json\/wp\/v2\/types\/post"}],"author":[{"embeddable":true,"href":"https:\/\/umtykocin.pl\/mieszkaniec\/wp-json\/wp\/v2\/users\/1"}],"replies":[{"embeddable":true,"href":"https:\/\/umtykocin.pl\/mieszkaniec\/wp-json\/wp\/v2\/comments?post=3462"}],"version-history":[{"count":1,"href":"https:\/\/umtykocin.pl\/mieszkaniec\/wp-json\/wp\/v2\/posts\/3462\/revisions"}],"predecessor-version":[{"id":3465,"href":"https:\/\/umtykocin.pl\/mieszkaniec\/wp-json\/wp\/v2\/posts\/3462\/revisions\/3465"}],"wp:featuredmedia":[{"embeddable":true,"href":"https:\/\/umtykocin.pl\/mieszkaniec\/wp-json\/wp\/v2\/media\/3174"}],"wp:attachment":[{"href":"https:\/\/umtykocin.pl\/mieszkaniec\/wp-json\/wp\/v2\/media?parent=3462"}],"wp:term":[{"taxonomy":"category","embeddable":true,"href":"https:\/\/umtykocin.pl\/mieszkaniec\/wp-json\/wp\/v2\/categories?post=3462"},{"taxonomy":"post_tag","embeddable":true,"href":"https:\/\/umtykocin.pl\/mieszkaniec\/wp-json\/wp\/v2\/tags?post=3462"}],"curies":[{"name":"wp","href":"https:\/\/api.w.org\/{rel}","templated":true}]}}