{"id":3507,"date":"2020-04-04T12:05:21","date_gmt":"2020-04-04T10:05:21","guid":{"rendered":"http:\/\/umtykocin.pl\/mieszkaniec\/?p=3507"},"modified":"2020-04-04T12:08:10","modified_gmt":"2020-04-04T10:08:10","slug":"pamietajmy-o-seniorach-w-tym-trudnym-czasie-izolacji","status":"publish","type":"post","link":"https:\/\/umtykocin.pl\/mieszkaniec\/pamietajmy-o-seniorach-w-tym-trudnym-czasie-izolacji\/","title":{"rendered":"Pami\u0119tajmy o seniorach w tym trudnym czasie izolacji!"},"content":{"rendered":"<h3>Je\u015bli s\u0105 daleko, dzwo\u0144my, a je\u015bli s\u0105 blisko, pami\u0119tajmy o pomocy w zakupach. Dbajmy o relacje. <strong>\u017byczymy du\u017co zdrowia!<\/strong><\/h3>\n<p>&nbsp;<\/p>\n<p><a href=\"http:\/\/umtykocin.pl\/mieszkaniec\/wp-content\/uploads\/sites\/4\/2020\/04\/senior1.jpg\"><img loading=\"lazy\" decoding=\"async\" class=\"aligncenter size-full wp-image-3508\" src=\"http:\/\/umtykocin.pl\/mieszkaniec\/wp-content\/uploads\/sites\/4\/2020\/04\/senior1.jpg\" alt=\"\" width=\"604\" height=\"516\" \/><\/a><\/p>\n","protected":false},"excerpt":{"rendered":"<p>Je\u015bli s\u0105 daleko, dzwo\u0144my, a je\u015bli s\u0105 blisko, pami\u0119tajmy o pomocy w zakupach. Dbajmy o relacje. \u017byczymy du\u017co zdrowia! &nbsp;<\/p>\n","protected":false},"author":1,"featured_media":3512,"comment_status":"closed","ping_status":"open","sticky":false,"template":"","format":"standard","meta":{"_et_pb_use_builder":"","_et_pb_old_content":"","_et_gb_content_width":"","cybocfi_hide_featured_image":"","footnotes":""},"categories":[99,1238],"tags":[1633,1635,361,1445,1447,1485,1483,215],"class_list":["post-3507","post","type-post","status-publish","format-standard","has-post-thumbnail","hentry","category-aktualnosci","category-seniorzy","tag-czasie","tag-izolacji","tag-o","tag-pamietajmy","tag-seniorach","tag-trudnym","tag-tym","tag-w","high-contrast"],"_links":{"self":[{"href":"https:\/\/umtykocin.pl\/mieszkaniec\/wp-json\/wp\/v2\/posts\/3507","targetHints":{"allow":["GET"]}}],"collection":[{"href":"https:\/\/umtykocin.pl\/mieszkaniec\/wp-json\/wp\/v2\/posts"}],"about":[{"href":"https:\/\/umtykocin.pl\/mieszkaniec\/wp-json\/wp\/v2\/types\/post"}],"author":[{"embeddable":true,"href":"https:\/\/umtykocin.pl\/mieszkaniec\/wp-json\/wp\/v2\/users\/1"}],"replies":[{"embeddable":true,"href":"https:\/\/umtykocin.pl\/mieszkaniec\/wp-json\/wp\/v2\/comments?post=3507"}],"version-history":[{"count":4,"href":"https:\/\/umtykocin.pl\/mieszkaniec\/wp-json\/wp\/v2\/posts\/3507\/revisions"}],"predecessor-version":[{"id":3514,"href":"https:\/\/umtykocin.pl\/mieszkaniec\/wp-json\/wp\/v2\/posts\/3507\/revisions\/3514"}],"wp:featuredmedia":[{"embeddable":true,"href":"https:\/\/umtykocin.pl\/mieszkaniec\/wp-json\/wp\/v2\/media\/3512"}],"wp:attachment":[{"href":"https:\/\/umtykocin.pl\/mieszkaniec\/wp-json\/wp\/v2\/media?parent=3507"}],"wp:term":[{"taxonomy":"category","embeddable":true,"href":"https:\/\/umtykocin.pl\/mieszkaniec\/wp-json\/wp\/v2\/categories?post=3507"},{"taxonomy":"post_tag","embeddable":true,"href":"https:\/\/umtykocin.pl\/mieszkaniec\/wp-json\/wp\/v2\/tags?post=3507"}],"curies":[{"name":"wp","href":"https:\/\/api.w.org\/{rel}","templated":true}]}}