{"id":3624,"date":"2020-04-10T07:48:23","date_gmt":"2020-04-10T05:48:23","guid":{"rendered":"http:\/\/umtykocin.pl\/mieszkaniec\/?p=3624"},"modified":"2020-04-10T07:58:06","modified_gmt":"2020-04-10T05:58:06","slug":"uwaga-rzad-wprowadza-nowe-obostrzenia-w-zwiazku-z-epidemia","status":"publish","type":"post","link":"https:\/\/umtykocin.pl\/mieszkaniec\/uwaga-rzad-wprowadza-nowe-obostrzenia-w-zwiazku-z-epidemia\/","title":{"rendered":"Uwaga, rz\u0105d wprowadza nowe obostrzenia w zwi\u0105zku z epidemi\u0105"},"content":{"rendered":"<p>[et_pb_section fb_built=&#8221;1&#8243; admin_label=&#8221;section&#8221; _builder_version=&#8221;3.22&#8243;][et_pb_row admin_label=&#8221;row&#8221; _builder_version=&#8221;3.25&#8243; background_size=&#8221;initial&#8221; background_position=&#8221;top_left&#8221; background_repeat=&#8221;repeat&#8221;][et_pb_column type=&#8221;4_4&#8243; _builder_version=&#8221;3.25&#8243; custom_padding=&#8221;|||&#8221; custom_padding__hover=&#8221;|||&#8221;][et_pb_text admin_label=&#8221;Text&#8221; _builder_version=&#8221;4.3.4&#8243; background_size=&#8221;initial&#8221; background_position=&#8221;top_left&#8221; background_repeat=&#8221;repeat&#8221; hover_enabled=&#8221;0&#8243;]<\/p>\n<p style=\"text-align: justify\"><strong>Od 16 kwietnia (czwartek)<\/strong> ka\u017cda osoba na ulicy b\u0119dzie mia\u0142a <strong>obowi\u0105zek zas\u0142aniania ust i nosa<\/strong>. Zmianie ulegn\u0105 tak\u017ce terminy matur i egzaminu \u00f3smoklasisty. Opr\u00f3cz tego przed\u0142u\u017camy obowi\u0105zywanie wszystkich dotychczasowych zasad bezpiecze\u0144stwa. To oznacza, \u017ce ograniczenia w przemieszczaniu si\u0119, czy limity wiernych w ko\u015bcio\u0142ach obowi\u0105zuj\u0105 r\u00f3wnie\u017c podczas \u015bwi\u0105t wielkanocnych.<\/p>\n<p style=\"text-align: justify\"><strong>Egzaminy najwcze\u015bniej w czerwcu<\/strong><\/p>\n<p style=\"text-align: justify\">Matury i egzam<span class=\"text_exposed_show\">in ko\u0144cz\u0105cy podstaw\u00f3wk\u0119 zostan\u0105 prze\u0142o\u017cone. Odb\u0119d\u0105 si\u0119 najwcze\u015bniej w czerwcu. Jednak o konkretnych terminach b\u0119dziemy informowa\u0107 co najmniej 3 tygodnie przed dat\u0105 egzamin\u00f3w.<\/span><\/p>\n<div class=\"text_exposed_show\">\n<p style=\"text-align: justify\"><strong>Ponadto wszystkie szko\u0142y pozostaj\u0105 zamkni\u0119te do niedzieli 26 kwietnia.<\/strong> Do tego czasu \u2013 tak jak dotychczas \u2013 plac\u00f3wki maj\u0105 obowi\u0105zek prowadzi\u0107 nauczanie zdalne.<\/p>\n<p style=\"text-align: justify\"><strong>Zas\u0142anianie ust i nosa obowi\u0105zkowe od 16 kwietnia<\/strong><\/p>\n<p style=\"text-align: justify\"><strong>Od czwartku, 16 kwietnia 2020 roku wprowadzamy obowi\u0105zek zas\u0142aniania ust i nosa.<\/strong> Ka\u017cda osoba w miejscu publicznym b\u0119dzie musia\u0142a nosi\u0107 maseczk\u0119, szalik czy chustk\u0119, kt\u00f3ra zakryje zar\u00f3wno usta, jak i nos. Obowi\u0105zek dotyczy wszystkich, kt\u00f3rzy znajduj\u0105 si\u0119 na ulicach, w urz\u0119dach, sklepach czy miejscach \u015bwiadczenia us\u0142ug oraz zak\u0142adach pracy.<\/p>\n<p style=\"text-align: justify\"><strong>Przed\u0142u\u017camy r\u00f3wnie\u017c obecnie obowi\u0105zuj\u0105ce zasady bezpiecze\u0144stwa.<\/strong><\/p>\n<p style=\"text-align: justify\"><strong>Do niedzieli 19 kwietnia 2020 r. obowi\u0105zuj\u0105 nadal:<\/strong><br \/> ograniczenia w przemieszczaniu si\u0119;<br \/> zakaz wychodzenia na ulic\u0119 nieletnich bez opieki doros\u0142ego;<br \/> ograniczenia w wydarzeniach o charakterze religijnych \u2013 w ko\u015bcio\u0142ach mo\u017ce przebywa\u0107 maksymalnie 5 os\u00f3b. Zasada obowi\u0105zuje r\u00f3wnie\u017c w \u015bwi\u0119ta Wielkiej Nocy!<br \/> ograniczenia w funkcjonowaniu galerii handlowych i wielkopowierzchniowych sklep\u00f3w budowlanych;<br \/> zasady w poruszaniu si\u0119 przy pomocy komunikacji publicznej i samochodami wi\u0119kszymi ni\u017c 9-osobowe;<br \/> zawieszenie dzia\u0142alno\u015bci zak\u0142ad\u00f3w fryzjerskich, kosmetycznych, tatua\u017cu itd.;<br \/> zakaz korzystania z park\u00f3w, las\u00f3w, pla\u017c, bulwar\u00f3w, promenad i rower\u00f3w miejskich;<br \/> zamkni\u0119cie restauracji;<br \/> ograniczenia dotycz\u0105ce liczby os\u00f3b w sklepach, na targach i na poczcie;<br \/> ograniczenia w dzia\u0142alno\u015bci instytucji kultury (w kinach, teatrach itp.).<\/p>\n<p style=\"text-align: justify\"><strong>Do niedzieli 26 kwietnia obowi\u0105zuje nadal:<\/strong><br \/> zamkni\u0119cie szk\u00f3\u0142 i uczelni;<br \/> przedszkoli i \u017c\u0142obk\u00f3w;<br \/> zamkni\u0119cie pasa\u017cerskiego ruchu lotniczego;<br \/> zamkni\u0119cie mi\u0119dzynarodowego ruchu kolejowego.<\/p>\n<p style=\"text-align: justify\"><strong>Do niedzieli 3 maja obowi\u0105zuje nadal:<\/strong><br \/> zamkni\u0119cie granic (prawo do przekraczania polskiej granicy maj\u0105 nadal m.in. obywatele RP, cudzoziemcy, kt\u00f3rzy s\u0105 ma\u0142\u017conkami albo dzie\u0107mi obywateli RP, osoby posiadaj\u0105ce prawo sta\u0142ego lub czasowego pobytu na terenie RP lub pozwolenie na prac\u0119 &#8211; pe\u0142ny wykaz wy\u0142\u0105cze\u0144 znajduje si\u0119 tutaj);<br \/> obowi\u0105zkowa kwarantanna dla os\u00f3b przekraczaj\u0105cych granic\u0119 z Polsk\u0105.<\/p>\n<p style=\"text-align: justify\"><strong>Do odwo\u0142ania obowi\u0105zuj\u0105:<\/strong><br \/> ograniczenia w zakresie organizacji imprez masowych i zgromadze\u0144.<\/p>\n<\/div>\n<p>\u0179r\u00f3d\u0142o: <a href=\"https:\/\/www.gov.pl\/web\/koronawirus\/zasady-na-dluzej\" target=\"_blank\" rel=\"noopener noreferrer\">https:\/\/www.gov.pl\/web\/koronawirus\/zasady-na-dluzej<\/a><\/p>\n<p>[\/et_pb_text][\/et_pb_column][\/et_pb_row][\/et_pb_section]<\/p>\n","protected":false},"excerpt":{"rendered":"<p>Od 16 kwietnia (czwartek) ka\u017cda osoba na ulicy b\u0119dzie mia\u0142a obowi\u0105zek zas\u0142aniania ust i nosa. Zmianie ulegn\u0105 tak\u017ce terminy matur i egzaminu \u00f3smoklasisty. Opr\u00f3cz tego przed\u0142u\u017camy obowi\u0105zywanie wszystkich dotychczasowych zasad bezpiecze\u0144stwa. To oznacza, \u017ce ograniczenia w przemieszczaniu si\u0119, czy limity wiernych w ko\u015bcio\u0142ach obowi\u0105zuj\u0105 r\u00f3wnie\u017c podczas \u015bwi\u0105t wielkanocnych. Egzaminy najwcze\u015bniej w czerwcu Matury i egzamin [&hellip;]<\/p>\n","protected":false},"author":1,"featured_media":3632,"comment_status":"closed","ping_status":"open","sticky":false,"template":"","format":"standard","meta":{"_et_pb_use_builder":"on","_et_pb_old_content":"<strong>Od 16 kwietnia (czwartek)<\/strong> ka\u017cda osoba na ulicy b\u0119dzie mia\u0142a <strong>obowi\u0105zek zas\u0142aniania ust i nosa<\/strong>. Zmianie ulegn\u0105 tak\u017ce terminy matur i egzaminu \u00f3smoklasisty. Opr\u00f3cz tego przed\u0142u\u017camy obowi\u0105zywanie wszystkich dotychczasowych zasad bezpiecze\u0144stwa. To oznacza, \u017ce ograniczenia w przemieszczaniu si\u0119, czy limity wiernych w ko\u015bcio\u0142ach obowi\u0105zuj\u0105 r\u00f3wnie\u017c podczas \u015bwi\u0105t wielkanocnych.\r\n\r\n<strong>Egzaminy najwcze\u015bniej w czerwcu<\/strong>\r\n\r\nMatury i egzam<span class=\"text_exposed_show\">in ko\u0144cz\u0105cy podstaw\u00f3wk\u0119 zostan\u0105 prze\u0142o\u017cone. Odb\u0119d\u0105 si\u0119 najwcze\u015bniej w czerwcu. Jednak o konkretnych terminach b\u0119dziemy informowa\u0107 co najmniej 3 tygodnie przed dat\u0105 egzamin\u00f3w.<\/span>\r\n<div class=\"text_exposed_show\">\r\n\r\n<strong>Ponadto wszystkie szko\u0142y pozostaj\u0105 zamkni\u0119te do niedzieli 26 kwietnia.<\/strong> Do tego czasu \u2013 tak jak dotychczas \u2013 plac\u00f3wki maj\u0105 obowi\u0105zek prowadzi\u0107 nauczanie zdalne.\r\n\r\n<strong>Zas\u0142anianie ust i nosa obowi\u0105zkowe od 16 kwietnia<\/strong>\r\n\r\n<strong>Od czwartku, 16 kwietnia 2020 roku wprowadzamy obowi\u0105zek zas\u0142aniania ust i nosa.<\/strong> Ka\u017cda osoba w miejscu publicznym b\u0119dzie musia\u0142a nosi\u0107 maseczk\u0119, szalik czy chustk\u0119, kt\u00f3ra zakryje zar\u00f3wno usta, jak i nos. Obowi\u0105zek dotyczy wszystkich, kt\u00f3rzy znajduj\u0105 si\u0119 na ulicach, w urz\u0119dach, sklepach czy miejscach \u015bwiadczenia us\u0142ug oraz zak\u0142adach pracy.\r\n\r\n<strong>Przed\u0142u\u017camy r\u00f3wnie\u017c obecnie obowi\u0105zuj\u0105ce zasady bezpiecze\u0144stwa.<\/strong>\r\n\r\n<strong>Do niedzieli 19 kwietnia 2020 r. obowi\u0105zuj\u0105 nadal:<\/strong>\r\nograniczenia w przemieszczaniu si\u0119;\r\nzakaz wychodzenia na ulic\u0119 nieletnich bez opieki doros\u0142ego;\r\nograniczenia w wydarzeniach o charakterze religijnych \u2013 w ko\u015bcio\u0142ach mo\u017ce przebywa\u0107 maksymalnie 5 os\u00f3b. Zasada obowi\u0105zuje r\u00f3wnie\u017c w \u015bwi\u0119ta Wielkiej Nocy!\r\nograniczenia w funkcjonowaniu galerii handlowych i wielkopowierzchniowych sklep\u00f3w budowlanych;\r\nzasady w poruszaniu si\u0119 przy pomocy komunikacji publicznej i samochodami wi\u0119kszymi ni\u017c 9-osobowe;\r\nzawieszenie dzia\u0142alno\u015bci zak\u0142ad\u00f3w fryzjerskich, kosmetycznych, tatua\u017cu itd.;\r\nzakaz korzystania z park\u00f3w, las\u00f3w, pla\u017c, bulwar\u00f3w, promenad i rower\u00f3w miejskich;\r\nzamkni\u0119cie restauracji;\r\nograniczenia dotycz\u0105ce liczby os\u00f3b w sklepach, na targach i na poczcie;\r\nograniczenia w dzia\u0142alno\u015bci instytucji kultury (w kinach, teatrach itp.).\r\n\r\n<strong>Do niedzieli 26 kwietnia obowi\u0105zuje nadal:<\/strong>\r\nzamkni\u0119cie szk\u00f3\u0142 i uczelni;\r\nprzedszkoli i \u017c\u0142obk\u00f3w;\r\nzamkni\u0119cie pasa\u017cerskiego ruchu lotniczego;\r\nzamkni\u0119cie mi\u0119dzynarodowego ruchu kolejowego.\r\n\r\n<strong>Do niedzieli 3 maja obowi\u0105zuje nadal:<\/strong>\r\nzamkni\u0119cie granic (prawo do przekraczania polskiej granicy maj\u0105 nadal m.in. obywatele RP, cudzoziemcy, kt\u00f3rzy s\u0105 ma\u0142\u017conkami albo dzie\u0107mi obywateli RP, osoby posiadaj\u0105ce prawo sta\u0142ego lub czasowego pobytu na terenie RP lub pozwolenie na prac\u0119 - pe\u0142ny wykaz wy\u0142\u0105cze\u0144 znajduje si\u0119 tutaj);\r\nobowi\u0105zkowa kwarantanna dla os\u00f3b przekraczaj\u0105cych granic\u0119 z Polsk\u0105.\r\n\r\n<strong>Do odwo\u0142ania obowi\u0105zuj\u0105:<\/strong>\r\nograniczenia w zakresie organizacji imprez masowych i zgromadze\u0144.\r\n\r\n<\/div>\r\n\u0179r\u00f3d\u0142o: <a href=\"https:\/\/www.gov.pl\/web\/koronawirus\/zasady-na-dluzej\" target=\"_blank\" rel=\"noopener noreferrer\">https:\/\/www.gov.pl\/web\/koronawirus\/zasady-na-dluzej<\/a>","_et_gb_content_width":"","cybocfi_hide_featured_image":"","footnotes":""},"categories":[99,1004,151],"tags":[1392,323,1581,1773,968,215,1775,259,237],"class_list":["post-3624","post","type-post","status-publish","format-standard","has-post-thumbnail","hentry","category-aktualnosci","category-zarzadzanie-kryzysowe","category-zdrowie","tag-epidemia","tag-nowe","tag-obostrzenia","tag-rzad","tag-uwaga","tag-w","tag-wprowadza","tag-z","tag-zwiazku","high-contrast"],"_links":{"self":[{"href":"https:\/\/umtykocin.pl\/mieszkaniec\/wp-json\/wp\/v2\/posts\/3624","targetHints":{"allow":["GET"]}}],"collection":[{"href":"https:\/\/umtykocin.pl\/mieszkaniec\/wp-json\/wp\/v2\/posts"}],"about":[{"href":"https:\/\/umtykocin.pl\/mieszkaniec\/wp-json\/wp\/v2\/types\/post"}],"author":[{"embeddable":true,"href":"https:\/\/umtykocin.pl\/mieszkaniec\/wp-json\/wp\/v2\/users\/1"}],"replies":[{"embeddable":true,"href":"https:\/\/umtykocin.pl\/mieszkaniec\/wp-json\/wp\/v2\/comments?post=3624"}],"version-history":[{"count":8,"href":"https:\/\/umtykocin.pl\/mieszkaniec\/wp-json\/wp\/v2\/posts\/3624\/revisions"}],"predecessor-version":[{"id":3637,"href":"https:\/\/umtykocin.pl\/mieszkaniec\/wp-json\/wp\/v2\/posts\/3624\/revisions\/3637"}],"wp:featuredmedia":[{"embeddable":true,"href":"https:\/\/umtykocin.pl\/mieszkaniec\/wp-json\/wp\/v2\/media\/3632"}],"wp:attachment":[{"href":"https:\/\/umtykocin.pl\/mieszkaniec\/wp-json\/wp\/v2\/media?parent=3624"}],"wp:term":[{"taxonomy":"category","embeddable":true,"href":"https:\/\/umtykocin.pl\/mieszkaniec\/wp-json\/wp\/v2\/categories?post=3624"},{"taxonomy":"post_tag","embeddable":true,"href":"https:\/\/umtykocin.pl\/mieszkaniec\/wp-json\/wp\/v2\/tags?post=3624"}],"curies":[{"name":"wp","href":"https:\/\/api.w.org\/{rel}","templated":true}]}}