{"id":4149,"date":"2020-05-07T14:11:58","date_gmt":"2020-05-07T12:11:58","guid":{"rendered":"http:\/\/umtykocin.pl\/mieszkaniec\/?p=4149"},"modified":"2020-05-07T14:19:05","modified_gmt":"2020-05-07T12:19:05","slug":"punkt-selektywnej-zbiorki-ponownie-otwarty","status":"publish","type":"post","link":"https:\/\/umtykocin.pl\/mieszkaniec\/punkt-selektywnej-zbiorki-ponownie-otwarty\/","title":{"rendered":"Punkt Selektywnej Zbi\u00f3rki ponownie otwarty"},"content":{"rendered":"<h3>Od 8 maja 2020 b\u0119dzie ponownie otwarty Punkt Selektywnej Zbi\u00f3rki Odpad\u00f3w Komunalnych przy ul. Holendry w Tykocinie. Punkt b\u0119dzie czynny we wtorki i w pi\u0105tki od 8.00 do 15.00. Zapraszamy do korzystania z us\u0142ug &#8211; razem dbajmy o \u015brodowisko!<\/h3>\n<p>&nbsp;<\/p>\n<h3>W Punkcie Selektywnej Zbi\u00f3rki Odpad\u00f3w Komunalnych selektywnie zbierane s\u0105:<br \/>\n1) papier<br \/>\n2) metale i tworzywa sztuczne<br \/>\n3) szk\u0142o<br \/>\n4) odpady niebezpieczne<br \/>\n5) przeterminowane leki i chemikalia<br \/>\n6) odpady niekwalifikuj\u0105cych si\u0119 do odpad\u00f3w medycznych powsta\u0142ych w gospodarstwie domowym w wyniku przyjmowania produkt\u00f3w leczniczych w formie iniekcji i prowadzenia monitoringu poziomu substancji we krwi, w szczeg\u00f3lno\u015bci ig\u0142y i strzykawki,<br \/>\n7) zu\u017cyte baterie i akumulatory,<br \/>\n8) zu\u017cyty sprz\u0119t elektryczny i elektroniczny,<br \/>\n9) meble i inne odpady wielkogabarytowe,<br \/>\n10) zu\u017cyte opony,<br \/>\n11) wydzielone z bioodpad\u00f3w stanowi\u0105cych odpady komunalne odpady stanowi\u0105ce cz\u0119\u015bci ro\u015blin pochodz\u0105cych z piel\u0119gnacji drzew i krzew\u00f3w, teren\u00f3w zielonych, ogrod\u00f3w, park\u00f3w i cmentarzy,<br \/>\n12) odpady budowlane i rozbi\u00f3rkowe.<\/h3>\n","protected":false},"excerpt":{"rendered":"<p>Od 8 maja 2020 b\u0119dzie ponownie otwarty Punkt Selektywnej Zbi\u00f3rki Odpad\u00f3w Komunalnych przy ul. Holendry w Tykocinie. Punkt b\u0119dzie czynny we wtorki i w pi\u0105tki od 8.00 do 15.00. Zapraszamy do korzystania z us\u0142ug &#8211; razem dbajmy o \u015brodowisko! &nbsp; W Punkcie Selektywnej Zbi\u00f3rki Odpad\u00f3w Komunalnych selektywnie zbierane s\u0105: 1) papier 2) metale i tworzywa [&hellip;]<\/p>\n","protected":false},"author":1,"featured_media":4150,"comment_status":"closed","ping_status":"open","sticky":false,"template":"","format":"standard","meta":{"_et_pb_use_builder":"","_et_pb_old_content":"","_et_gb_content_width":"","cybocfi_hide_featured_image":"","footnotes":""},"categories":[99,165],"tags":[2213,2211,2209,381,383],"class_list":["post-4149","post","type-post","status-publish","format-standard","has-post-thumbnail","hentry","category-aktualnosci","category-gospodarka-odpadami-komunalnymi","tag-otwarty","tag-ponownie","tag-punkt","tag-selektywnej","tag-zbiorki","high-contrast"],"_links":{"self":[{"href":"https:\/\/umtykocin.pl\/mieszkaniec\/wp-json\/wp\/v2\/posts\/4149","targetHints":{"allow":["GET"]}}],"collection":[{"href":"https:\/\/umtykocin.pl\/mieszkaniec\/wp-json\/wp\/v2\/posts"}],"about":[{"href":"https:\/\/umtykocin.pl\/mieszkaniec\/wp-json\/wp\/v2\/types\/post"}],"author":[{"embeddable":true,"href":"https:\/\/umtykocin.pl\/mieszkaniec\/wp-json\/wp\/v2\/users\/1"}],"replies":[{"embeddable":true,"href":"https:\/\/umtykocin.pl\/mieszkaniec\/wp-json\/wp\/v2\/comments?post=4149"}],"version-history":[{"count":6,"href":"https:\/\/umtykocin.pl\/mieszkaniec\/wp-json\/wp\/v2\/posts\/4149\/revisions"}],"predecessor-version":[{"id":4156,"href":"https:\/\/umtykocin.pl\/mieszkaniec\/wp-json\/wp\/v2\/posts\/4149\/revisions\/4156"}],"wp:featuredmedia":[{"embeddable":true,"href":"https:\/\/umtykocin.pl\/mieszkaniec\/wp-json\/wp\/v2\/media\/4150"}],"wp:attachment":[{"href":"https:\/\/umtykocin.pl\/mieszkaniec\/wp-json\/wp\/v2\/media?parent=4149"}],"wp:term":[{"taxonomy":"category","embeddable":true,"href":"https:\/\/umtykocin.pl\/mieszkaniec\/wp-json\/wp\/v2\/categories?post=4149"},{"taxonomy":"post_tag","embeddable":true,"href":"https:\/\/umtykocin.pl\/mieszkaniec\/wp-json\/wp\/v2\/tags?post=4149"}],"curies":[{"name":"wp","href":"https:\/\/api.w.org\/{rel}","templated":true}]}}