{"id":4227,"date":"2020-05-12T10:11:33","date_gmt":"2020-05-12T08:11:33","guid":{"rendered":"http:\/\/umtykocin.pl\/mieszkaniec\/?p=4227"},"modified":"2020-05-12T10:11:33","modified_gmt":"2020-05-12T08:11:33","slug":"85-rocznica-smierci-marszalka-jozefa-pilsudskiego","status":"publish","type":"post","link":"https:\/\/umtykocin.pl\/mieszkaniec\/85-rocznica-smierci-marszalka-jozefa-pilsudskiego\/","title":{"rendered":"85 Rocznica \u015bmierci Marsza\u0142ka J\u00f3zefa Pi\u0142sudskiego"},"content":{"rendered":"<h3>85 lat temu zmar\u0142 J\u00f3zef Pi\u0142sudski &#8211; wsp\u00f3\u0142tw\u00f3rca niepodleg\u0142ej Rzeczypospolitej, wybitny strateg i charyzmatyczny m\u0105\u017c stanu, kt\u00f3ry ju\u017c za \u017cycia sta\u0142 si\u0119 legend\u0105!<\/h3>\n<p>&nbsp;<\/p>\n<p>\u0179r\u00f3d\u0142o: <a href=\"https:\/\/www.facebook.com\/wojpodlaskie\/photos\/a.151301008280487\/2953621818048378\/?type=3&amp;theater\" target=\"_blank\" rel=\"noopener noreferrer\">https:\/\/www.facebook.com\/wojpodlaskie\/photos\/a.151301008280487\/2953621818048378\/?type=3&amp;theater<\/a><\/p>\n","protected":false},"excerpt":{"rendered":"<p>85 lat temu zmar\u0142 J\u00f3zef Pi\u0142sudski &#8211; wsp\u00f3\u0142tw\u00f3rca niepodleg\u0142ej Rzeczypospolitej, wybitny strateg i charyzmatyczny m\u0105\u017c stanu, kt\u00f3ry ju\u017c za \u017cycia sta\u0142 si\u0119 legend\u0105! &nbsp; \u0179r\u00f3d\u0142o: https:\/\/www.facebook.com\/wojpodlaskie\/photos\/a.151301008280487\/2953621818048378\/?type=3&amp;theater<\/p>\n","protected":false},"author":1,"featured_media":4228,"comment_status":"closed","ping_status":"open","sticky":false,"template":"","format":"standard","meta":{"_et_pb_use_builder":"","_et_pb_old_content":"","_et_gb_content_width":"","cybocfi_hide_featured_image":"","footnotes":""},"categories":[99],"tags":[2289,2293,2291,2295,1779,1607],"class_list":["post-4227","post","type-post","status-publish","format-standard","has-post-thumbnail","hentry","category-aktualnosci","tag-2289","tag-jozefa","tag-marszalka","tag-pilsudskiego","tag-rocznica","tag-smierci","high-contrast"],"_links":{"self":[{"href":"https:\/\/umtykocin.pl\/mieszkaniec\/wp-json\/wp\/v2\/posts\/4227","targetHints":{"allow":["GET"]}}],"collection":[{"href":"https:\/\/umtykocin.pl\/mieszkaniec\/wp-json\/wp\/v2\/posts"}],"about":[{"href":"https:\/\/umtykocin.pl\/mieszkaniec\/wp-json\/wp\/v2\/types\/post"}],"author":[{"embeddable":true,"href":"https:\/\/umtykocin.pl\/mieszkaniec\/wp-json\/wp\/v2\/users\/1"}],"replies":[{"embeddable":true,"href":"https:\/\/umtykocin.pl\/mieszkaniec\/wp-json\/wp\/v2\/comments?post=4227"}],"version-history":[{"count":3,"href":"https:\/\/umtykocin.pl\/mieszkaniec\/wp-json\/wp\/v2\/posts\/4227\/revisions"}],"predecessor-version":[{"id":4231,"href":"https:\/\/umtykocin.pl\/mieszkaniec\/wp-json\/wp\/v2\/posts\/4227\/revisions\/4231"}],"wp:featuredmedia":[{"embeddable":true,"href":"https:\/\/umtykocin.pl\/mieszkaniec\/wp-json\/wp\/v2\/media\/4228"}],"wp:attachment":[{"href":"https:\/\/umtykocin.pl\/mieszkaniec\/wp-json\/wp\/v2\/media?parent=4227"}],"wp:term":[{"taxonomy":"category","embeddable":true,"href":"https:\/\/umtykocin.pl\/mieszkaniec\/wp-json\/wp\/v2\/categories?post=4227"},{"taxonomy":"post_tag","embeddable":true,"href":"https:\/\/umtykocin.pl\/mieszkaniec\/wp-json\/wp\/v2\/tags?post=4227"}],"curies":[{"name":"wp","href":"https:\/\/api.w.org\/{rel}","templated":true}]}}