{"id":4502,"date":"2020-05-25T09:41:53","date_gmt":"2020-05-25T07:41:53","guid":{"rendered":"http:\/\/umtykocin.pl\/mieszkaniec\/?p=4502"},"modified":"2020-06-25T07:33:38","modified_gmt":"2020-06-25T05:33:38","slug":"harmonogram-odbioru-odpadow-czerwiec","status":"publish","type":"post","link":"https:\/\/umtykocin.pl\/mieszkaniec\/harmonogram-odbioru-odpadow-czerwiec\/","title":{"rendered":"Harmonogram odbioru odpad\u00f3w &#8211; czerwiec"},"content":{"rendered":"<h3 class=\"western\" align=\"justify\">Szanowni pa\u0144stwo, poni\u017cej publikujemy harmonogram odbioru odpad\u00f3w komunalnych, kt\u00f3ry b\u0119dzie obowi\u0105zywa\u0142 w czerwcu. Zwracamy si\u0119 z pro\u015bb\u0105 o rozpowszechnienie powy\u017cszej informacji w\u015br\u00f3d mieszka\u0144c\u00f3w kt\u00f3rzy nie maj\u0105 dost\u0119pu do internetu.<\/h3>\n<p><a href=\"http:\/\/umtykocin.pl\/mieszkaniec\/wp-content\/uploads\/sites\/4\/2020\/05\/Harmonogram-czerwiec.jpg\"><img loading=\"lazy\" decoding=\"async\" class=\"aligncenter size-full wp-image-4503\" src=\"http:\/\/umtykocin.pl\/mieszkaniec\/wp-content\/uploads\/sites\/4\/2020\/05\/Harmonogram-czerwiec.jpg\" alt=\"\" width=\"1654\" height=\"2339\" \/><\/a><a href=\"http:\/\/umtykocin.pl\/mieszkaniec\/wp-content\/uploads\/sites\/4\/2020\/05\/Harmonogram-czerwiec-1.pdf\" target=\"_blank\" rel=\"noopener noreferrer\">Harmonogram &#8211; czerwiec PDF.<\/a><\/p>\n","protected":false},"excerpt":{"rendered":"<p>Szanowni pa\u0144stwo, poni\u017cej publikujemy harmonogram odbioru odpad\u00f3w komunalnych, kt\u00f3ry b\u0119dzie obowi\u0105zywa\u0142 w czerwcu. Zwracamy si\u0119 z pro\u015bb\u0105 o rozpowszechnienie powy\u017cszej informacji w\u015br\u00f3d mieszka\u0144c\u00f3w kt\u00f3rzy nie maj\u0105 dost\u0119pu do internetu. Harmonogram &#8211; czerwiec PDF.<\/p>\n","protected":false},"author":1,"featured_media":3856,"comment_status":"closed","ping_status":"open","sticky":false,"template":"","format":"standard","meta":{"_et_pb_use_builder":"","_et_pb_old_content":"","_et_gb_content_width":"","cybocfi_hide_featured_image":"","footnotes":""},"categories":[99,165],"tags":[291,2495,2397,1322,233],"class_list":["post-4502","post","type-post","status-publish","format-standard","has-post-thumbnail","hentry","category-aktualnosci","category-gospodarka-odpadami-komunalnymi","tag-291","tag-czerwiec","tag-harmonogram","tag-odbioru","tag-odpadow","high-contrast"],"_links":{"self":[{"href":"https:\/\/umtykocin.pl\/mieszkaniec\/wp-json\/wp\/v2\/posts\/4502","targetHints":{"allow":["GET"]}}],"collection":[{"href":"https:\/\/umtykocin.pl\/mieszkaniec\/wp-json\/wp\/v2\/posts"}],"about":[{"href":"https:\/\/umtykocin.pl\/mieszkaniec\/wp-json\/wp\/v2\/types\/post"}],"author":[{"embeddable":true,"href":"https:\/\/umtykocin.pl\/mieszkaniec\/wp-json\/wp\/v2\/users\/1"}],"replies":[{"embeddable":true,"href":"https:\/\/umtykocin.pl\/mieszkaniec\/wp-json\/wp\/v2\/comments?post=4502"}],"version-history":[{"count":3,"href":"https:\/\/umtykocin.pl\/mieszkaniec\/wp-json\/wp\/v2\/posts\/4502\/revisions"}],"predecessor-version":[{"id":4510,"href":"https:\/\/umtykocin.pl\/mieszkaniec\/wp-json\/wp\/v2\/posts\/4502\/revisions\/4510"}],"wp:featuredmedia":[{"embeddable":true,"href":"https:\/\/umtykocin.pl\/mieszkaniec\/wp-json\/wp\/v2\/media\/3856"}],"wp:attachment":[{"href":"https:\/\/umtykocin.pl\/mieszkaniec\/wp-json\/wp\/v2\/media?parent=4502"}],"wp:term":[{"taxonomy":"category","embeddable":true,"href":"https:\/\/umtykocin.pl\/mieszkaniec\/wp-json\/wp\/v2\/categories?post=4502"},{"taxonomy":"post_tag","embeddable":true,"href":"https:\/\/umtykocin.pl\/mieszkaniec\/wp-json\/wp\/v2\/tags?post=4502"}],"curies":[{"name":"wp","href":"https:\/\/api.w.org\/{rel}","templated":true}]}}