{"id":6077,"date":"2020-10-27T14:43:00","date_gmt":"2020-10-27T13:43:00","guid":{"rendered":"http:\/\/umtykocin.pl\/mieszkaniec\/?p=6077"},"modified":"2020-10-27T14:43:00","modified_gmt":"2020-10-27T13:43:00","slug":"nowy-sprzet-w-pieciu-jednostkach-osp-dzieki-wsparciu-wojewodztwa-podlaskiego","status":"publish","type":"post","link":"https:\/\/umtykocin.pl\/mieszkaniec\/nowy-sprzet-w-pieciu-jednostkach-osp-dzieki-wsparciu-wojewodztwa-podlaskiego\/","title":{"rendered":"Nowy sprz\u0119t w pi\u0119ciu jednostkach OSP dzi\u0119ki wsparciu wojew\u00f3dztwa podlaskiego"},"content":{"rendered":"<p>Dzi\u0119ki wsparciu z Urz\u0119du Marsza\u0142kowskiego Wojew\u00f3dztwa Podlaskiego zakupiono sprz\u0119t ratowniczo-ga\u015bniczy i umundurowanie do pi\u0119ciu jednostek OSP za kwot\u0119 25.150,00 z\u0142, z czego 20.000,00 z\u0142 op\u0142acono z dotacji z wojew\u00f3dztwa podlaskiego, a\u00a0 5.150,00 z\u0142 to kwota z bud\u017cetu gminy Tykocin.<\/p>\n<p><img loading=\"lazy\" decoding=\"async\" class=\"alignnone size-large wp-image-6078 aligncenter\" src=\"http:\/\/umtykocin.pl\/mieszkaniec\/wp-content\/uploads\/sites\/4\/2020\/10\/B1-1024x410.jpg\" alt=\"Sprz\u0119t zakupiony do OSP z dotacji wojew\u00f3dztwa podlaskiego w 2020 roku\" width=\"1024\" height=\"410\" srcset=\"http:\/\/umtykocin.pl\/mieszkaniec\/wp-content\/uploads\/sites\/4\/2020\/10\/B1-980x393.jpg 980w, http:\/\/umtykocin.pl\/mieszkaniec\/wp-content\/uploads\/sites\/4\/2020\/10\/B1-480x192.jpg 480w\" sizes=\"(min-width: 0px) and (max-width: 480px) 480px, (min-width: 481px) and (max-width: 980px) 980px, (min-width: 981px) 1024px, 100vw\" \/><\/p>\n<p>Zakupiony zosta\u0142 sprz\u0119t:<\/p>\n<p>&nbsp;<\/p>\n<p>OSP Radule:<\/p>\n<p>przeno\u015bny zestaw o\u015bwietleniowy szt. 1,<\/p>\n<p>r\u0119kawice stra\u017cackie par 6,<\/p>\n<p>&nbsp;<\/p>\n<p>OSP Sierki:<\/p>\n<p>r\u0119kawice stra\u017cackie\u00a0 par 6,<\/p>\n<p>kominiarka stra\u017cacka szt.6,<\/p>\n<p>w\u0105\u017c W-75 4 szt.,<\/p>\n<p>&nbsp;<\/p>\n<p>OSP Rz\u0119dziany:<\/p>\n<p>pi\u0142a spalinowa 1 szt.,<\/p>\n<p>r\u0119kawice stra\u017cackie par 4,<\/p>\n<p>kominiarka stra\u017cacka 7szt.,<\/p>\n<p>&nbsp;<\/p>\n<p>OSP \u0141opuchowo:<\/p>\n<p>radiostacja nasobna 2 szt.,<\/p>\n<p>&nbsp;<\/p>\n<p>OSP Saniki:<\/p>\n<p>narz\u0119dzie ratownicze Hooligan 1 szt.,<\/p>\n<p>w\u0105\u017c W-75\u00a0 2 szt.,<\/p>\n<p>w\u0105\u017c W-52\u00a0 4 szt.,<\/p>\n<p>buty stra\u017cackie 6 par.<\/p>\n<p>&nbsp;<\/p>\n<p>Dzi\u0119kujemy Marsza\u0142kowi Wojew\u00f3dztwa Podlaskiego i Urz\u0119dowi Marsza\u0142kowskiemu Wojew\u00f3dztwa Podlaskiego za wsparcie dotacj\u0105 zakupu sprz\u0119tu i umundurowania zwi\u0119kszaj\u0105cego bezpiecze\u0144stwo druh\u00f3w z pi\u0119ciu jednostek OSP z gminy Tykocin.<\/p>\n<p><img loading=\"lazy\" decoding=\"async\" class=\"aligncenter size-large wp-image-6080\" src=\"http:\/\/umtykocin.pl\/mieszkaniec\/wp-content\/uploads\/sites\/4\/2020\/10\/Baner-dotacja-UMWP-1024x383.jpg\" alt=\"Logo wojew\u00f3dztwa podlaskiego z informacj\u0105 o dotacji\" width=\"1024\" height=\"383\" srcset=\"http:\/\/umtykocin.pl\/mieszkaniec\/wp-content\/uploads\/sites\/4\/2020\/10\/Baner-dotacja-UMWP-980x366.jpg 980w, http:\/\/umtykocin.pl\/mieszkaniec\/wp-content\/uploads\/sites\/4\/2020\/10\/Baner-dotacja-UMWP-480x179.jpg 480w\" sizes=\"(min-width: 0px) and (max-width: 480px) 480px, (min-width: 481px) and (max-width: 980px) 980px, (min-width: 981px) 1024px, 100vw\" \/><\/p>\n","protected":false},"excerpt":{"rendered":"<p>Dzi\u0119ki wsparciu z Urz\u0119du Marsza\u0142kowskiego Wojew\u00f3dztwa Podlaskiego zakupiono sprz\u0119t ratowniczo-ga\u015bniczy i umundurowanie do pi\u0119ciu jednostek OSP za kwot\u0119 25.150,00 z\u0142, z czego 20.000,00 z\u0142 op\u0142acono z dotacji z wojew\u00f3dztwa podlaskiego, a\u00a0 5.150,00 z\u0142 to kwota z bud\u017cetu gminy Tykocin. Zakupiony zosta\u0142 sprz\u0119t: &nbsp; OSP Radule: przeno\u015bny zestaw o\u015bwietleniowy szt. 1, r\u0119kawice stra\u017cackie par 6, &nbsp; [&hellip;]<\/p>\n","protected":false},"author":3,"featured_media":6079,"comment_status":"closed","ping_status":"open","sticky":false,"template":"","format":"standard","meta":{"_et_pb_use_builder":"","_et_pb_old_content":"","_et_gb_content_width":"","cybocfi_hide_featured_image":"","footnotes":""},"categories":[99,3554],"tags":[3556],"class_list":["post-6077","post","type-post","status-publish","format-standard","has-post-thumbnail","hentry","category-aktualnosci","category-bezpieczenstwo","tag-nowy-sprzet-w-pieciu-jednostkach-osp-dzieki-wsparciu-wojewodztwa-podlaskiego","high-contrast"],"_links":{"self":[{"href":"https:\/\/umtykocin.pl\/mieszkaniec\/wp-json\/wp\/v2\/posts\/6077","targetHints":{"allow":["GET"]}}],"collection":[{"href":"https:\/\/umtykocin.pl\/mieszkaniec\/wp-json\/wp\/v2\/posts"}],"about":[{"href":"https:\/\/umtykocin.pl\/mieszkaniec\/wp-json\/wp\/v2\/types\/post"}],"author":[{"embeddable":true,"href":"https:\/\/umtykocin.pl\/mieszkaniec\/wp-json\/wp\/v2\/users\/3"}],"replies":[{"embeddable":true,"href":"https:\/\/umtykocin.pl\/mieszkaniec\/wp-json\/wp\/v2\/comments?post=6077"}],"version-history":[{"count":1,"href":"https:\/\/umtykocin.pl\/mieszkaniec\/wp-json\/wp\/v2\/posts\/6077\/revisions"}],"predecessor-version":[{"id":6081,"href":"https:\/\/umtykocin.pl\/mieszkaniec\/wp-json\/wp\/v2\/posts\/6077\/revisions\/6081"}],"wp:featuredmedia":[{"embeddable":true,"href":"https:\/\/umtykocin.pl\/mieszkaniec\/wp-json\/wp\/v2\/media\/6079"}],"wp:attachment":[{"href":"https:\/\/umtykocin.pl\/mieszkaniec\/wp-json\/wp\/v2\/media?parent=6077"}],"wp:term":[{"taxonomy":"category","embeddable":true,"href":"https:\/\/umtykocin.pl\/mieszkaniec\/wp-json\/wp\/v2\/categories?post=6077"},{"taxonomy":"post_tag","embeddable":true,"href":"https:\/\/umtykocin.pl\/mieszkaniec\/wp-json\/wp\/v2\/tags?post=6077"}],"curies":[{"name":"wp","href":"https:\/\/api.w.org\/{rel}","templated":true}]}}