{"id":6121,"date":"2020-11-02T08:43:57","date_gmt":"2020-11-02T07:43:57","guid":{"rendered":"http:\/\/umtykocin.pl\/mieszkaniec\/?p=6121"},"modified":"2022-03-30T14:35:00","modified_gmt":"2022-03-30T12:35:00","slug":"komunikat-bezposrednie-zalatwianie-spraw-w-urzedzie-miejskim-w-tykocinie-zostaje-zawieszone-od-2-listopada-2020","status":"publish","type":"post","link":"https:\/\/umtykocin.pl\/mieszkaniec\/komunikat-bezposrednie-zalatwianie-spraw-w-urzedzie-miejskim-w-tykocinie-zostaje-zawieszone-od-2-listopada-2020\/","title":{"rendered":"Komunikat: bezpo\u015brednie za\u0142atwianie spraw w Urz\u0119dzie Miejskim w Tykocinie zostaje zawieszone od 2 listopada 2020"},"content":{"rendered":"<p><strong>Szanowni Pa\u0144stwo,<\/strong><\/p>\n<p>w trosce o bezpiecze\u0144stwo klient\u00f3w i pracownik\u00f3w w stanie epidemii Burmistrz Tykocina informuje, \u017ce<strong> bezpo\u015brednie za\u0142atwianie spraw w Urz\u0119dzie Miejskim w Tykocinie zostaje zawieszone od 2 listopada 2020 roku.<\/strong><\/p>\n<p>Za\u0142atwianie spraw urz\u0119dowych<strong>\u00a0<\/strong>jest mo\u017cliwe telefonicznie, drog\u0105 elektroniczn\u0105 (adres e-mail:\u00a0<u><a href=\"mailto:um@bielsk-podlaski.pl\">sekretariat@umtykocin.pl<\/a><\/u>) oraz za po\u015brednictwem platformy e-PUAP.<\/p>\n<p>Kontakt telefoniczny do Urz\u0119du Miejskiego w Tykocinie: <strong><a href=\"tel:+48857181627\">857181627<\/a>.\u00a0<\/strong><\/p>\n<p>Bezpo\u015bredni kontakt telefoniczny z\u00a0kom\u00f3rkami organizacyjnymi urz\u0119du mo\u017cna znale\u017a\u0107 w Biuletynie Informacji Publicznej:\u00a0\u00a0<a href=\"http:\/\/bip.um.tykocin.wrotapodlasia.pl\/af2588191c75ecb\/\">http:\/\/bip.um.tykocin.wrotapodlasia.pl\/af2588191c75ecb\/<\/a>.<\/p>\n<p>Wnioski i dokumenty mo\u017cna sk\u0142ada\u0107 do urz\u0119du poprzez Elektroniczn\u0105 Skrzynk\u0119 Podawcz\u0105 ePUAP:<\/p>\n<p><a href=\"https:\/\/epuap.gov.pl\/wps\/portal\/strefa-klienta\/katalog-spraw\/profil-urzedu\/UM_Tykocin\">https:\/\/epuap.gov.pl\/wps\/portal\/strefa-klienta\/katalog-spraw\/profil-urzedu\/UM_Tykocin<\/a>.<\/p>\n<p>Za\u00a0po\u015brednictwem strony ePUAP mo\u017cna:<\/p>\n<ul>\n<li>przes\u0142a\u0107 ka\u017cde pismo,<\/li>\n<li>z\u0142o\u017cy\u0107 wniosek o\u00a0dow\u00f3d osobisty,<\/li>\n<li>z\u0142o\u017cy\u0107 wniosek o zameldowanie lub \u00a0wymeldowanie,<\/li>\n<li>z\u0142o\u017cy\u0107 wniosek o\u00a0odpis aktu stanu cywilnego,<\/li>\n<li>z\u0142o\u017cy\u0107 wniosek o\u00a0za\u015bwiadczenie o\u00a0stanie cywilnym,<\/li>\n<li>z\u0142o\u017cy\u0107 zg\u0142oszenie urodzenia dziecka<\/li>\n<li>z\u0142o\u017cy\u0107 wszelkie wnioski, dotycz\u0105ce podatk\u00f3w i\u00a0op\u0142at lokalnych.<\/li>\n<\/ul>\n<p>Wpisu, zmiany, zawieszenia, wznowienia i wykre\u015blenia dzia\u0142alno\u015bci\u00a0 gospodarczej mo\u017cna dokona\u0107 na stronie Centralnej Ewidencji i Informacji o Dzia\u0142alno\u015bci Gospodarczej:\u00a0\u00a0<a href=\"https:\/\/prod.ceidg.gov.pl\/ceidg.cms.engine\/\">www.ceidg.gov.pl<\/a><u>.<\/u><\/p>\n<p><strong>Op\u0142aty do urz\u0119du nale\u017cy wnosi\u0107 w formie bezgot\u00f3wkowej, np. za po\u015brednictwem bankowo\u015bci elektronicznej.<\/strong><\/p>\n<p><strong>W sytuacjach wyj\u0105tkowych<\/strong>, kt\u00f3re wymagaj\u0105 osobistego stawiennictwa, klienci mog\u0105 zg\u0142asza\u0107 si\u0119 do urz\u0119du, <strong>po wcze\u015bniejszym telefonicznym um\u00f3wieniu si\u0119 z pracownikiem merytorycznym.<\/strong><\/p>\n<p>Powy\u017csze pro\u015bby podyktowane s\u0105 trosk\u0105 o nasze wsp\u00f3lne zdrowie i \u017cycie. Dbajmy o siebie i\u00a0naszych bliskich.<\/p>\n<p>&nbsp;<\/p>\n<p style=\"text-align: right;\">Burmistrz Tykocina<\/p>\n<p style=\"text-align: right;\">Mariusz Dudzi\u0144ski<\/p>\n","protected":false},"excerpt":{"rendered":"<p>Szanowni Pa\u0144stwo, w trosce o bezpiecze\u0144stwo klient\u00f3w i pracownik\u00f3w w stanie epidemii Burmistrz Tykocina informuje, \u017ce bezpo\u015brednie za\u0142atwianie spraw w Urz\u0119dzie Miejskim w Tykocinie zostaje zawieszone od 2 listopada 2020 roku. Za\u0142atwianie spraw urz\u0119dowych\u00a0jest mo\u017cliwe telefonicznie, drog\u0105 elektroniczn\u0105 (adres e-mail:\u00a0sekretariat@umtykocin.pl) oraz za po\u015brednictwem platformy e-PUAP. Kontakt telefoniczny do Urz\u0119du Miejskiego w Tykocinie: 857181627.\u00a0 Bezpo\u015bredni kontakt [&hellip;]<\/p>\n","protected":false},"author":3,"featured_media":6123,"comment_status":"closed","ping_status":"open","sticky":false,"template":"","format":"standard","meta":{"_et_pb_use_builder":"","_et_pb_old_content":"","_et_gb_content_width":"","cybocfi_hide_featured_image":"","footnotes":""},"categories":[99,1004],"tags":[3578],"class_list":["post-6121","post","type-post","status-publish","format-standard","has-post-thumbnail","hentry","category-aktualnosci","category-zarzadzanie-kryzysowe","tag-komunikat-bezposrednie-zalatwianie-spraw-w-urzedzie-miejskim-w-tykocinie-zostaje-zawieszone-od-2-listopada-2020","high-contrast"],"_links":{"self":[{"href":"https:\/\/umtykocin.pl\/mieszkaniec\/wp-json\/wp\/v2\/posts\/6121","targetHints":{"allow":["GET"]}}],"collection":[{"href":"https:\/\/umtykocin.pl\/mieszkaniec\/wp-json\/wp\/v2\/posts"}],"about":[{"href":"https:\/\/umtykocin.pl\/mieszkaniec\/wp-json\/wp\/v2\/types\/post"}],"author":[{"embeddable":true,"href":"https:\/\/umtykocin.pl\/mieszkaniec\/wp-json\/wp\/v2\/users\/3"}],"replies":[{"embeddable":true,"href":"https:\/\/umtykocin.pl\/mieszkaniec\/wp-json\/wp\/v2\/comments?post=6121"}],"version-history":[{"count":8,"href":"https:\/\/umtykocin.pl\/mieszkaniec\/wp-json\/wp\/v2\/posts\/6121\/revisions"}],"predecessor-version":[{"id":6126,"href":"https:\/\/umtykocin.pl\/mieszkaniec\/wp-json\/wp\/v2\/posts\/6121\/revisions\/6126"}],"wp:featuredmedia":[{"embeddable":true,"href":"https:\/\/umtykocin.pl\/mieszkaniec\/wp-json\/wp\/v2\/media\/6123"}],"wp:attachment":[{"href":"https:\/\/umtykocin.pl\/mieszkaniec\/wp-json\/wp\/v2\/media?parent=6121"}],"wp:term":[{"taxonomy":"category","embeddable":true,"href":"https:\/\/umtykocin.pl\/mieszkaniec\/wp-json\/wp\/v2\/categories?post=6121"},{"taxonomy":"post_tag","embeddable":true,"href":"https:\/\/umtykocin.pl\/mieszkaniec\/wp-json\/wp\/v2\/tags?post=6121"}],"curies":[{"name":"wp","href":"https:\/\/api.w.org\/{rel}","templated":true}]}}