{"id":6147,"date":"2020-11-05T13:06:37","date_gmt":"2020-11-05T12:06:37","guid":{"rendered":"http:\/\/umtykocin.pl\/mieszkaniec\/?p=6147"},"modified":"2020-11-05T13:06:37","modified_gmt":"2020-11-05T12:06:37","slug":"nowe-zasady-bezpieczenstwa","status":"publish","type":"post","link":"https:\/\/umtykocin.pl\/mieszkaniec\/nowe-zasady-bezpieczenstwa\/","title":{"rendered":"Nowe zasady bezpiecze\u0144stwa"},"content":{"rendered":"<div class=\"\" dir=\"auto\">\n<div id=\"jsc_c_1rb\" class=\"ecm0bbzt hv4rvrfc ihqw7lf3 dati1w0a\" data-ad-comet-preview=\"message\" data-ad-preview=\"message\">\n<div class=\"j83agx80 cbu4d94t ew0dbk1b irj2b8pg\">\n<div class=\"qzhwtbm6 knvmm38d\">\n<div class=\"kvgmc6g5 cxmmr5t8 oygrvhab hcukyx3x c1et5uql ii04i59q\">\n<div dir=\"auto\">Uwaga, wkr\u00f3tce kolejne du\u017ce obostrzenia w ramach walki z epidemi\u0105 koronawirusa. To ostatnie restrykcje maj\u0105ce zapobiec wprowadzeniu kwarantanny narodowej. Zmian jest du\u017co, prosimy o uwa\u017cn\u0105 lektur\u0119:<\/div>\n<\/div>\n<div class=\"o9v6fnle cxmmr5t8 oygrvhab hcukyx3x c1et5uql ii04i59q\">\n<div dir=\"auto\"><span class=\"pq6dq46d tbxw36s4 knj5qynh kvgmc6g5 ditlmg2l oygrvhab nvdbi5me sf5mxxl7 gl3lb2sf hhz5lgdu\"><img loading=\"lazy\" decoding=\"async\" src=\"https:\/\/static.xx.fbcdn.net\/images\/emoji.php\/v9\/t9e\/1\/16\/27a1.png\" alt=\"\u27a1\" width=\"16\" height=\"16\" \/><\/span> nauka zdalna w klasach 1-3 szk\u00f3\u0142 podstawowych \u2013 od 9 listopada do 29 listopada;<\/div>\n<div dir=\"auto\"><span class=\"pq6dq46d tbxw36s4 knj5qynh kvgmc6g5 ditlmg2l oygrvhab nvdbi5me sf5mxxl7 gl3lb2sf hhz5lgdu\"><img loading=\"lazy\" decoding=\"async\" src=\"https:\/\/static.xx.fbcdn.net\/images\/emoji.php\/v9\/t9e\/1\/16\/27a1.png\" alt=\"\u27a1\" width=\"16\" height=\"16\" \/><\/span> przed\u0142u\u017cenie nauki zdalnej w klasach 4-8 szk\u00f3\u0142 podstawowych i szko\u0142ach ponadpodstawowych \u2013 do 29 listopada;<\/div>\n<div dir=\"auto\"><span class=\"pq6dq46d tbxw36s4 knj5qynh kvgmc6g5 ditlmg2l oygrvhab nvdbi5me sf5mxxl7 gl3lb2sf hhz5lgdu\"><img loading=\"lazy\" decoding=\"async\" src=\"https:\/\/static.xx.fbcdn.net\/images\/emoji.php\/v9\/t9e\/1\/16\/27a1.png\" alt=\"\u27a1\" width=\"16\" height=\"16\" \/><\/span> zamkni\u0119cie plac\u00f3wek kultury: teatr\u00f3w, kin, muze\u00f3w, galerii sztuk, dom\u00f3w kultury, ognisk muzycznych \u2013 od 7 listopada do 29 listopada;<\/div>\n<div dir=\"auto\"><span class=\"pq6dq46d tbxw36s4 knj5qynh kvgmc6g5 ditlmg2l oygrvhab nvdbi5me sf5mxxl7 gl3lb2sf hhz5lgdu\"><img loading=\"lazy\" decoding=\"async\" src=\"https:\/\/static.xx.fbcdn.net\/images\/emoji.php\/v9\/t9e\/1\/16\/27a1.png\" alt=\"\u27a1\" width=\"16\" height=\"16\" \/><\/span> hotele dost\u0119pne tylko dla go\u015bci przebywaj\u0105cych w podr\u00f3\u017cy s\u0142u\u017cbowej \u2013 od 7 listopada do 29 listopada;<\/div>\n<div dir=\"auto\"><span class=\"pq6dq46d tbxw36s4 knj5qynh kvgmc6g5 ditlmg2l oygrvhab nvdbi5me sf5mxxl7 gl3lb2sf hhz5lgdu\"><img loading=\"lazy\" decoding=\"async\" src=\"https:\/\/static.xx.fbcdn.net\/images\/emoji.php\/v9\/t9e\/1\/16\/27a1.png\" alt=\"\u27a1\" width=\"16\" height=\"16\" \/><\/span> ograniczenie funkcjonowania galerii handlowych i sklep\u00f3w wielkopowierzchniowych. Otwarte pozostaj\u0105 punkty us\u0142ugowe, sklepy z artyku\u0142ami spo\u017cywczymi, kosmetycznymi, artyku\u0142ami toaletowymi oraz \u015brodkami czysto\u015bci, wyrobami medycznymi i farmaceutycznymi, artyku\u0142ami remontowoc-budowalnymi, artyku\u0142ami dla zwierz\u0105t, pras\u0105;<\/div>\n<div dir=\"auto\"><span class=\"pq6dq46d tbxw36s4 knj5qynh kvgmc6g5 ditlmg2l oygrvhab nvdbi5me sf5mxxl7 gl3lb2sf hhz5lgdu\"><img loading=\"lazy\" decoding=\"async\" src=\"https:\/\/static.xx.fbcdn.net\/images\/emoji.php\/v9\/t9e\/1\/16\/27a1.png\" alt=\"\u27a1\" width=\"16\" height=\"16\" \/><\/span> pozosta\u0142y handel: w sklepach do 100 m2 \u2013 1 os\/10 m2, w sklepach powy\u017cej 100 m2 \u2013 1 os\/15 m2 (bez zmian) \u2013 od 7 listopada do 29 listopada;<\/div>\n<div dir=\"auto\"><span class=\"pq6dq46d tbxw36s4 knj5qynh kvgmc6g5 ditlmg2l oygrvhab nvdbi5me sf5mxxl7 gl3lb2sf hhz5lgdu\"><img loading=\"lazy\" decoding=\"async\" src=\"https:\/\/static.xx.fbcdn.net\/images\/emoji.php\/v9\/t9e\/1\/16\/27a1.png\" alt=\"\u27a1\" width=\"16\" height=\"16\" \/><\/span> ko\u015bcio\u0142y: 1 os\/15m2 \u2013 od 7 listopada do 29 listopada.<\/div>\n<\/div>\n<div class=\"o9v6fnle cxmmr5t8 oygrvhab hcukyx3x c1et5uql ii04i59q\">\n<div dir=\"auto\">Ponadto dla dzieci medyk\u00f3w i s\u0142u\u017cb mundurowych b\u0119dzie zapewniona mo\u017cliwo\u015b\u0107 opieki w szko\u0142ach, za\u015b ka\u017cdy nauczyciel b\u0119dzie mia\u0142 mo\u017cliwo\u015b\u0107 zrefinansowania 500 z\u0142 koszt\u00f3w sprz\u0119tu elektronicznego niezb\u0119dnego do nauki zdalnej.<\/div>\n<\/div>\n<div class=\"o9v6fnle cxmmr5t8 oygrvhab hcukyx3x c1et5uql ii04i59q\">\n<div dir=\"auto\"><span class=\"pq6dq46d tbxw36s4 knj5qynh kvgmc6g5 ditlmg2l oygrvhab nvdbi5me sf5mxxl7 gl3lb2sf hhz5lgdu\"><img loading=\"lazy\" decoding=\"async\" src=\"https:\/\/static.xx.fbcdn.net\/images\/emoji.php\/v9\/tcc\/1\/16\/1f4dd.png\" alt=\"\ud83d\udcdd\" width=\"16\" height=\"16\" \/><\/span> Wi\u0119cej informacji: <a class=\"oajrlxb2 g5ia77u1 qu0x051f esr5mh6w e9989ue4 r7d6kgcz rq0escxv nhd2j8a9 nc684nl6 p7hjln8o kvgmc6g5 cxmmr5t8 oygrvhab hcukyx3x jb3vyjys rz4wbd8a qt6c0cv9 a8nywdso i1ao9s8h esuyzwwr f1sip0of lzcic4wl py34i1dx gpro0wi8\" role=\"link\" href=\"https:\/\/www.gov.pl\/web\/koronawirus\/nowe-kroki-w-walce-z-koronawirusem--ostatni-etap-przed-narodowa-kwarantanna?fbclid=IwAR1CGJiPfwivUkKakrmbNnP1Iqe1C23vJLZZmVHJV9t6TZmuEawaOEOZuZw\" target=\"_blank\" rel=\"nofollow noopener noreferrer\">https:\/\/www.gov.pl\/&#8230;\/nowe-kroki-w-walce-z-koronawirusem&#8230;<\/a><\/div>\n<\/div>\n<div class=\"o9v6fnle cxmmr5t8 oygrvhab hcukyx3x c1et5uql ii04i59q\">\n<div dir=\"auto\">Tre\u015b\u0107 dodana o 19.45: Uwaga! Jutro opublikujemy informacj\u0119 dotycz\u0105c\u0105 funkcjonowania przedszkola w najbli\u017cszym tygodniu oraz dost\u0119pno\u015bci komputer\u00f3w do wypo\u017cyczenia do nauki zdalnej.<\/div>\n<\/div>\n<\/div>\n<\/div>\n<\/div>\n<\/div>\n","protected":false},"excerpt":{"rendered":"<p>Uwaga, wkr\u00f3tce kolejne du\u017ce obostrzenia w ramach walki z epidemi\u0105 koronawirusa. To ostatnie restrykcje maj\u0105ce zapobiec wprowadzeniu kwarantanny narodowej. Zmian jest du\u017co, prosimy o uwa\u017cn\u0105 lektur\u0119: nauka zdalna w klasach 1-3 szk\u00f3\u0142 podstawowych \u2013 od 9 listopada do 29 listopada; przed\u0142u\u017cenie nauki zdalnej w klasach 4-8 szk\u00f3\u0142 podstawowych i szko\u0142ach ponadpodstawowych \u2013 do 29 listopada; [&hellip;]<\/p>\n","protected":false},"author":10004,"featured_media":6150,"comment_status":"closed","ping_status":"open","sticky":false,"template":"","format":"standard","meta":{"_et_pb_use_builder":"","_et_pb_old_content":"","_et_gb_content_width":"","cybocfi_hide_featured_image":"","footnotes":""},"categories":[99,3554,151],"tags":[3466,3566,3588],"class_list":["post-6147","post","type-post","status-publish","format-standard","has-post-thumbnail","hentry","category-aktualnosci","category-bezpieczenstwo","category-zdrowie","tag-gmina-tykocin","tag-mieszkancy","tag-nowe-zasady-bezpieczenstwa","high-contrast"],"_links":{"self":[{"href":"https:\/\/umtykocin.pl\/mieszkaniec\/wp-json\/wp\/v2\/posts\/6147","targetHints":{"allow":["GET"]}}],"collection":[{"href":"https:\/\/umtykocin.pl\/mieszkaniec\/wp-json\/wp\/v2\/posts"}],"about":[{"href":"https:\/\/umtykocin.pl\/mieszkaniec\/wp-json\/wp\/v2\/types\/post"}],"author":[{"embeddable":true,"href":"https:\/\/umtykocin.pl\/mieszkaniec\/wp-json\/wp\/v2\/users\/10004"}],"replies":[{"embeddable":true,"href":"https:\/\/umtykocin.pl\/mieszkaniec\/wp-json\/wp\/v2\/comments?post=6147"}],"version-history":[{"count":1,"href":"https:\/\/umtykocin.pl\/mieszkaniec\/wp-json\/wp\/v2\/posts\/6147\/revisions"}],"predecessor-version":[{"id":6151,"href":"https:\/\/umtykocin.pl\/mieszkaniec\/wp-json\/wp\/v2\/posts\/6147\/revisions\/6151"}],"wp:featuredmedia":[{"embeddable":true,"href":"https:\/\/umtykocin.pl\/mieszkaniec\/wp-json\/wp\/v2\/media\/6150"}],"wp:attachment":[{"href":"https:\/\/umtykocin.pl\/mieszkaniec\/wp-json\/wp\/v2\/media?parent=6147"}],"wp:term":[{"taxonomy":"category","embeddable":true,"href":"https:\/\/umtykocin.pl\/mieszkaniec\/wp-json\/wp\/v2\/categories?post=6147"},{"taxonomy":"post_tag","embeddable":true,"href":"https:\/\/umtykocin.pl\/mieszkaniec\/wp-json\/wp\/v2\/tags?post=6147"}],"curies":[{"name":"wp","href":"https:\/\/api.w.org\/{rel}","templated":true}]}}