{"id":6301,"date":"2020-12-11T10:39:25","date_gmt":"2020-12-11T09:39:25","guid":{"rendered":"http:\/\/umtykocin.pl\/mieszkaniec\/?p=6301"},"modified":"2020-12-17T10:42:22","modified_gmt":"2020-12-17T09:42:22","slug":"nowy-radiowoz","status":"publish","type":"post","link":"https:\/\/umtykocin.pl\/mieszkaniec\/nowy-radiowoz\/","title":{"rendered":"Nowy radiow\u00f3z!"},"content":{"rendered":"<p><span class=\"d2edcug0 hpfvmrgz qv66sw1b c1et5uql rrkovp55 a8c37x1j keod5gw0 nxhoafnm aigsh9s9 d3f4x2em fe6kdd0r mau55g9w c8b282yb iv3no6db jq4qci2q a3bd9o3v knj5qynh oo9gr5id hzawbc8m\" dir=\"auto\">Nowy radiow\u00f3z pomo\u017ce w pracy tykoci\u0144skiego posterunku! Policjanci b\u0119d\u0105 korzysta\u0107 z nowoczesnego auta dzi\u0119ki wsparciu, jakiego udzieli\u0142a gmina Tykocin. Wysoko\u015b\u0107 dotacji to 30.000 z\u0142. Jeste\u015bmy pewni, \u017ce radiow\u00f3z pomo\u017ce w dzia\u0142aniach na rzecz bezpiecze\u0144stwa wszystkich mieszka\u0144c\u00f3w gminy.<\/span><\/p>\n","protected":false},"excerpt":{"rendered":"<p>Nowy radiow\u00f3z pomo\u017ce w pracy tykoci\u0144skiego posterunku! Policjanci b\u0119d\u0105 korzysta\u0107 z nowoczesnego auta dzi\u0119ki wsparciu, jakiego udzieli\u0142a gmina Tykocin. Wysoko\u015b\u0107 dotacji to 30.000 z\u0142. Jeste\u015bmy pewni, \u017ce radiow\u00f3z pomo\u017ce w dzia\u0142aniach na rzecz bezpiecze\u0144stwa wszystkich mieszka\u0144c\u00f3w gminy.<\/p>\n","protected":false},"author":10004,"featured_media":6302,"comment_status":"closed","ping_status":"open","sticky":false,"template":"","format":"standard","meta":{"_et_pb_use_builder":"","_et_pb_old_content":"","_et_gb_content_width":"","cybocfi_hide_featured_image":"","footnotes":""},"categories":[99,3554,3402],"tags":[3670,3672,479],"class_list":["post-6301","post","type-post","status-publish","format-standard","has-post-thumbnail","hentry","category-aktualnosci","category-bezpieczenstwo","category-inwestycje","tag-nowy-radiowoz","tag-posterunek-policji","tag-tykocin","high-contrast"],"_links":{"self":[{"href":"https:\/\/umtykocin.pl\/mieszkaniec\/wp-json\/wp\/v2\/posts\/6301","targetHints":{"allow":["GET"]}}],"collection":[{"href":"https:\/\/umtykocin.pl\/mieszkaniec\/wp-json\/wp\/v2\/posts"}],"about":[{"href":"https:\/\/umtykocin.pl\/mieszkaniec\/wp-json\/wp\/v2\/types\/post"}],"author":[{"embeddable":true,"href":"https:\/\/umtykocin.pl\/mieszkaniec\/wp-json\/wp\/v2\/users\/10004"}],"replies":[{"embeddable":true,"href":"https:\/\/umtykocin.pl\/mieszkaniec\/wp-json\/wp\/v2\/comments?post=6301"}],"version-history":[{"count":1,"href":"https:\/\/umtykocin.pl\/mieszkaniec\/wp-json\/wp\/v2\/posts\/6301\/revisions"}],"predecessor-version":[{"id":6303,"href":"https:\/\/umtykocin.pl\/mieszkaniec\/wp-json\/wp\/v2\/posts\/6301\/revisions\/6303"}],"wp:featuredmedia":[{"embeddable":true,"href":"https:\/\/umtykocin.pl\/mieszkaniec\/wp-json\/wp\/v2\/media\/6302"}],"wp:attachment":[{"href":"https:\/\/umtykocin.pl\/mieszkaniec\/wp-json\/wp\/v2\/media?parent=6301"}],"wp:term":[{"taxonomy":"category","embeddable":true,"href":"https:\/\/umtykocin.pl\/mieszkaniec\/wp-json\/wp\/v2\/categories?post=6301"},{"taxonomy":"post_tag","embeddable":true,"href":"https:\/\/umtykocin.pl\/mieszkaniec\/wp-json\/wp\/v2\/tags?post=6301"}],"curies":[{"name":"wp","href":"https:\/\/api.w.org\/{rel}","templated":true}]}}