{"id":6307,"date":"2020-12-17T11:45:26","date_gmt":"2020-12-17T10:45:26","guid":{"rendered":"http:\/\/umtykocin.pl\/mieszkaniec\/?p=6307"},"modified":"2020-12-17T11:45:26","modified_gmt":"2020-12-17T10:45:26","slug":"dzialania-osp-w-gminie-tykocin","status":"publish","type":"post","link":"https:\/\/umtykocin.pl\/mieszkaniec\/dzialania-osp-w-gminie-tykocin\/","title":{"rendered":"Dzia\u0142ania OSP w Gminie Tykocin :)"},"content":{"rendered":"<div class=\"\" dir=\"auto\">\n<div id=\"jsc_c_ba\" class=\"ecm0bbzt hv4rvrfc ihqw7lf3 dati1w0a\" data-ad-comet-preview=\"message\" data-ad-preview=\"message\">\n<div class=\"j83agx80 cbu4d94t ew0dbk1b irj2b8pg\">\n<div class=\"qzhwtbm6 knvmm38d\">\n<div class=\"kvgmc6g5 cxmmr5t8 oygrvhab hcukyx3x c1et5uql ii04i59q\">\n<div dir=\"auto\">OSP Rz\u0119dziany zrealizowa\u0142a zakup 2 szt. aparat\u00f3w powietrznych nadci\u015bnieniowych z mask\u0105. Powiat bia\u0142ostocki przydzieli\u0142 na zakup sprz\u0119tu dotacj\u0119 w wysoko\u015bci 5 000 z\u0142.<\/div>\n<\/div>\n<div class=\"o9v6fnle cxmmr5t8 oygrvhab hcukyx3x c1et5uql ii04i59q\">\n<div dir=\"auto\">\n<div class=\"nc684nl6\">Powiat Bia\u0142ostocki wspar\u0142 r\u00f3wnie\u017c remont gara\u017cu jednostki OSP Siekierki kwot\u0105 10 000 z\u0142, dzia\u0142anie jest w fazie fina\u0142owej. Dzi\u0119kujemy Staro\u015bcie Powiatu Bia\u0142ostockiego<\/div>\n<div class=\"nc684nl6\">Jan Boles\u0142aw Perkowskii radnemu powiatowemu Adam Backiel za program grant\u00f3w dla OSP.<\/div>\n<\/div>\n<\/div>\n<div class=\"o9v6fnle cxmmr5t8 oygrvhab hcukyx3x c1et5uql ii04i59q\">\n<div dir=\"auto\">Dzia\u0142anie zosta\u0142o r\u00f3wnie\u017c wsparte dotacj\u0105 ze \u015brodk\u00f3w MSWiA w kwocie 3.000 z\u0142. W remoncie jest tak\u017ce remont gara\u017cu OSP Saniki. Dotacja ministerialna to 11 000 z\u0142.<\/div>\n<\/div>\n<\/div>\n<\/div>\n<\/div>\n<\/div>\n","protected":false},"excerpt":{"rendered":"<p>OSP Rz\u0119dziany zrealizowa\u0142a zakup 2 szt. aparat\u00f3w powietrznych nadci\u015bnieniowych z mask\u0105. Powiat bia\u0142ostocki przydzieli\u0142 na zakup sprz\u0119tu dotacj\u0119 w wysoko\u015bci 5 000 z\u0142. Powiat Bia\u0142ostocki wspar\u0142 r\u00f3wnie\u017c remont gara\u017cu jednostki OSP Siekierki kwot\u0105 10 000 z\u0142, dzia\u0142anie jest w fazie fina\u0142owej. Dzi\u0119kujemy Staro\u015bcie Powiatu Bia\u0142ostockiego Jan Boles\u0142aw Perkowskii radnemu powiatowemu Adam Backiel za program grant\u00f3w [&hellip;]<\/p>\n","protected":false},"author":10004,"featured_media":6308,"comment_status":"closed","ping_status":"open","sticky":false,"template":"","format":"standard","meta":{"_et_pb_use_builder":"","_et_pb_old_content":"","_et_gb_content_width":"","cybocfi_hide_featured_image":"","footnotes":""},"categories":[99,3554,3402],"tags":[3676,1965,543,479],"class_list":["post-6307","post","type-post","status-publish","format-standard","has-post-thumbnail","hentry","category-aktualnosci","category-bezpieczenstwo","category-inwestycje","tag-dzialania-osp-w-gminie-tykocin","tag-inwestycje","tag-osp","tag-tykocin","high-contrast"],"_links":{"self":[{"href":"https:\/\/umtykocin.pl\/mieszkaniec\/wp-json\/wp\/v2\/posts\/6307","targetHints":{"allow":["GET"]}}],"collection":[{"href":"https:\/\/umtykocin.pl\/mieszkaniec\/wp-json\/wp\/v2\/posts"}],"about":[{"href":"https:\/\/umtykocin.pl\/mieszkaniec\/wp-json\/wp\/v2\/types\/post"}],"author":[{"embeddable":true,"href":"https:\/\/umtykocin.pl\/mieszkaniec\/wp-json\/wp\/v2\/users\/10004"}],"replies":[{"embeddable":true,"href":"https:\/\/umtykocin.pl\/mieszkaniec\/wp-json\/wp\/v2\/comments?post=6307"}],"version-history":[{"count":1,"href":"https:\/\/umtykocin.pl\/mieszkaniec\/wp-json\/wp\/v2\/posts\/6307\/revisions"}],"predecessor-version":[{"id":6309,"href":"https:\/\/umtykocin.pl\/mieszkaniec\/wp-json\/wp\/v2\/posts\/6307\/revisions\/6309"}],"wp:featuredmedia":[{"embeddable":true,"href":"https:\/\/umtykocin.pl\/mieszkaniec\/wp-json\/wp\/v2\/media\/6308"}],"wp:attachment":[{"href":"https:\/\/umtykocin.pl\/mieszkaniec\/wp-json\/wp\/v2\/media?parent=6307"}],"wp:term":[{"taxonomy":"category","embeddable":true,"href":"https:\/\/umtykocin.pl\/mieszkaniec\/wp-json\/wp\/v2\/categories?post=6307"},{"taxonomy":"post_tag","embeddable":true,"href":"https:\/\/umtykocin.pl\/mieszkaniec\/wp-json\/wp\/v2\/tags?post=6307"}],"curies":[{"name":"wp","href":"https:\/\/api.w.org\/{rel}","templated":true}]}}