{"id":6313,"date":"2020-12-18T08:33:30","date_gmt":"2020-12-18T07:33:30","guid":{"rendered":"http:\/\/umtykocin.pl\/mieszkaniec\/?p=6313"},"modified":"2020-12-18T08:33:30","modified_gmt":"2020-12-18T07:33:30","slug":"uwaga-od-28-grudnia-do-17-stycznia-beda-obowiazywaly-nowe-restrykcje","status":"publish","type":"post","link":"https:\/\/umtykocin.pl\/mieszkaniec\/uwaga-od-28-grudnia-do-17-stycznia-beda-obowiazywaly-nowe-restrykcje\/","title":{"rendered":"Uwaga! Od 28 grudnia do 17 stycznia b\u0119d\u0105 obowi\u0105zywa\u0142y nowe restrykcje."},"content":{"rendered":"<div class=\"\" dir=\"auto\">\n<div class=\"\" dir=\"auto\">\n<div class=\"ecm0bbzt hv4rvrfc ihqw7lf3 dati1w0a\" data-ad-comet-preview=\"message\" data-ad-preview=\"message\">\n<div class=\"j83agx80 cbu4d94t ew0dbk1b irj2b8pg\">\n<div class=\"qzhwtbm6 knvmm38d\">\n<div class=\"kvgmc6g5 cxmmr5t8 oygrvhab hcukyx3x c1et5uql ii04i59q\">\n<div dir=\"auto\"><span class=\"pq6dq46d tbxw36s4 knj5qynh kvgmc6g5 ditlmg2l oygrvhab nvdbi5me sf5mxxl7 gl3lb2sf hhz5lgdu\"><img loading=\"lazy\" decoding=\"async\" src=\"https:\/\/static.xx.fbcdn.net\/images\/emoji.php\/v9\/t77\/1\/16\/203c.png\" alt=\"\u203c\ufe0f\" width=\"16\" height=\"16\" \/><\/span> Do 17 stycznia 2021 r. rz\u0105d przed\u0142u\u017ca etap odpowiedzialno\u015bci, podczas kt\u00f3rego wprowadza dodatkowe ograniczenia w zwi\u0105zku z epidemi\u0105 <a class=\"oajrlxb2 g5ia77u1 qu0x051f esr5mh6w e9989ue4 r7d6kgcz rq0escxv nhd2j8a9 nc684nl6 p7hjln8o kvgmc6g5 cxmmr5t8 oygrvhab hcukyx3x jb3vyjys rz4wbd8a qt6c0cv9 a8nywdso i1ao9s8h esuyzwwr f1sip0of lzcic4wl q66pz984 gpro0wi8 b1v8xokw\" role=\"link\" href=\"https:\/\/www.facebook.com\/hashtag\/koronawirus?__eep__=6&amp;__cft__[0]=AZWzWBgCBy2714QyRuc8ufP7D6osJkCoswQnqr113EzyJmSa-fvPpxIhSTKyptnUCEA7h_NQKAKr_F9nAgoWH7VRnV8WB_-rpW0h12f7Yw04R0vjLxDiJiQ7aM1Za78t1VJQr6yA16dlYYMKXmizy0SZm9Fhuwq39TJlGqKu7wjCgQ&amp;__tn__=*NK-y-R\">#koronawirus<\/a>. Zamkni\u0119cie stok\u00f3w narciarskich oraz zakaz przemieszczania si\u0119 w Sylwestra (od godz. 19.00 do 6.00) \u2013 to niekt\u00f3re z nich. Sprawd\u017a, jakie zmiany czekaj\u0105 nas po \u015bwi\u0119tach <span class=\"pq6dq46d tbxw36s4 knj5qynh kvgmc6g5 ditlmg2l oygrvhab nvdbi5me sf5mxxl7 gl3lb2sf hhz5lgdu\"><img loading=\"lazy\" decoding=\"async\" src=\"https:\/\/static.xx.fbcdn.net\/images\/emoji.php\/v9\/t92\/1\/16\/2935.png\" alt=\"\u2935\" width=\"16\" height=\"16\" \/><\/span><\/div>\n<\/div>\n<div class=\"o9v6fnle cxmmr5t8 oygrvhab hcukyx3x c1et5uql ii04i59q\">\n<div dir=\"auto\"><span class=\"pq6dq46d tbxw36s4 knj5qynh kvgmc6g5 ditlmg2l oygrvhab nvdbi5me sf5mxxl7 gl3lb2sf hhz5lgdu\"><img loading=\"lazy\" decoding=\"async\" src=\"https:\/\/static.xx.fbcdn.net\/images\/emoji.php\/v9\/tae\/1\/16\/1f4ce.png\" alt=\"\ud83d\udcce\" width=\"16\" height=\"16\" \/><\/span>szczeg\u00f3\u0142y: <a class=\"oajrlxb2 g5ia77u1 qu0x051f esr5mh6w e9989ue4 r7d6kgcz rq0escxv nhd2j8a9 nc684nl6 p7hjln8o kvgmc6g5 cxmmr5t8 oygrvhab hcukyx3x jb3vyjys rz4wbd8a qt6c0cv9 a8nywdso i1ao9s8h esuyzwwr f1sip0of lzcic4wl py34i1dx gpro0wi8\" role=\"link\" href=\"https:\/\/bit.ly\/3r50mHp?fbclid=IwAR2M_0b1AVnSotjTo5vVqFJnBszX0zIjXeMN3umTumoUsdjSq_8B0lyrjXk\" target=\"_blank\" rel=\"nofollow noopener noreferrer\">https:\/\/bit.ly\/3r50mHp<\/a><\/div>\n<\/div>\n<\/div>\n<\/div>\n<\/div>\n<\/div>\n<\/div>\n","protected":false},"excerpt":{"rendered":"<p>Do 17 stycznia 2021 r. rz\u0105d przed\u0142u\u017ca etap odpowiedzialno\u015bci, podczas kt\u00f3rego wprowadza dodatkowe ograniczenia w zwi\u0105zku z epidemi\u0105 #koronawirus. Zamkni\u0119cie stok\u00f3w narciarskich oraz zakaz przemieszczania si\u0119 w Sylwestra (od godz. 19.00 do 6.00) \u2013 to niekt\u00f3re z nich. Sprawd\u017a, jakie zmiany czekaj\u0105 nas po \u015bwi\u0119tach szczeg\u00f3\u0142y: https:\/\/bit.ly\/3r50mHp<\/p>\n","protected":false},"author":10004,"featured_media":6314,"comment_status":"closed","ping_status":"open","sticky":false,"template":"","format":"standard","meta":{"_et_pb_use_builder":"","_et_pb_old_content":"","_et_gb_content_width":"","cybocfi_hide_featured_image":"","footnotes":""},"categories":[99,3554,151],"tags":[3682,3466,3680],"class_list":["post-6313","post","type-post","status-publish","format-standard","has-post-thumbnail","hentry","category-aktualnosci","category-bezpieczenstwo","category-zdrowie","tag-bezpieczenstwo","tag-gmina-tykocin","tag-uwaga-od-28-grudnia-do-17-stycznia-beda-obowiazywaly-nowe-restrykcje","high-contrast"],"_links":{"self":[{"href":"https:\/\/umtykocin.pl\/mieszkaniec\/wp-json\/wp\/v2\/posts\/6313","targetHints":{"allow":["GET"]}}],"collection":[{"href":"https:\/\/umtykocin.pl\/mieszkaniec\/wp-json\/wp\/v2\/posts"}],"about":[{"href":"https:\/\/umtykocin.pl\/mieszkaniec\/wp-json\/wp\/v2\/types\/post"}],"author":[{"embeddable":true,"href":"https:\/\/umtykocin.pl\/mieszkaniec\/wp-json\/wp\/v2\/users\/10004"}],"replies":[{"embeddable":true,"href":"https:\/\/umtykocin.pl\/mieszkaniec\/wp-json\/wp\/v2\/comments?post=6313"}],"version-history":[{"count":1,"href":"https:\/\/umtykocin.pl\/mieszkaniec\/wp-json\/wp\/v2\/posts\/6313\/revisions"}],"predecessor-version":[{"id":6315,"href":"https:\/\/umtykocin.pl\/mieszkaniec\/wp-json\/wp\/v2\/posts\/6313\/revisions\/6315"}],"wp:featuredmedia":[{"embeddable":true,"href":"https:\/\/umtykocin.pl\/mieszkaniec\/wp-json\/wp\/v2\/media\/6314"}],"wp:attachment":[{"href":"https:\/\/umtykocin.pl\/mieszkaniec\/wp-json\/wp\/v2\/media?parent=6313"}],"wp:term":[{"taxonomy":"category","embeddable":true,"href":"https:\/\/umtykocin.pl\/mieszkaniec\/wp-json\/wp\/v2\/categories?post=6313"},{"taxonomy":"post_tag","embeddable":true,"href":"https:\/\/umtykocin.pl\/mieszkaniec\/wp-json\/wp\/v2\/tags?post=6313"}],"curies":[{"name":"wp","href":"https:\/\/api.w.org\/{rel}","templated":true}]}}