{"id":6697,"date":"2021-02-08T22:13:27","date_gmt":"2021-02-08T21:13:27","guid":{"rendered":"http:\/\/umtykocin.pl\/mieszkaniec\/?p=6697"},"modified":"2021-02-08T22:13:27","modified_gmt":"2021-02-08T21:13:27","slug":"uwaga-z-powodu-sniezyc-9-i-10-lutego-nauka-zdalna-we-wszystkich-klasach-szkol-podstawowych","status":"publish","type":"post","link":"https:\/\/umtykocin.pl\/mieszkaniec\/uwaga-z-powodu-sniezyc-9-i-10-lutego-nauka-zdalna-we-wszystkich-klasach-szkol-podstawowych\/","title":{"rendered":"Uwaga, z powodu \u015bnie\u017cyc  9 i 10 lutego nauka zdalna we wszystkich klasach szk\u00f3\u0142 podstawowych"},"content":{"rendered":"<div class=\"kvgmc6g5 cxmmr5t8 oygrvhab hcukyx3x c1et5uql ii04i59q\">\n<div dir=\"auto\">Uwaga! We wtorek i w \u015brod\u0119 w obu szko\u0142ach podstawowych na terenie gminy nauka b\u0119dzie zdalna we wszystkich klasach. Uczniowie klas I-III wyj\u0105tkowo b\u0119d\u0105 mie\u0107 zdalne lekcje z powodu zamieci i intensywnych opad\u00f3w \u015bniegu. Prosimy o udost\u0119pnianie tego artyku\u0142u.<\/div>\n<div dir=\"auto\"><\/div>\n<\/div>\n<p><!--more--><\/p>\n<div class=\"o9v6fnle cxmmr5t8 oygrvhab hcukyx3x c1et5uql ii04i59q\">\n<div dir=\"auto\">S\u0142u\u017cby w tym czasie przygotuj\u0105 drogi na powr\u00f3t autobus\u00f3w szkolnych. Opady b\u0119d\u0105 trwa\u0142y nawet kilkana\u015bcie godzin.<\/div>\n<\/div>\n<div class=\"o9v6fnle cxmmr5t8 oygrvhab hcukyx3x c1et5uql ii04i59q\">\n<div dir=\"auto\">Prosimy o wsparcie od\u015bnie\u017cania wszystkich dysponuj\u0105cych p\u0142ugami. W pierwszej kolejno\u015bci b\u0119d\u0105 od\u015bnie\u017cane drogi powiatowe i szlaki autobusowe oraz mleczarni. Wierzymy, \u017ce, walcz\u0105c solidarnie z zaspami, szybciej przywr\u00f3cimy pe\u0142n\u0105 przepustowo\u015b\u0107 dr\u00f3g.<\/div>\n<div dir=\"auto\"><\/div>\n<\/div>\n<div class=\"o9v6fnle cxmmr5t8 oygrvhab hcukyx3x c1et5uql ii04i59q\">\n<div dir=\"auto\">Przepraszamy za utrudnienia, prosimy o cierpliwo\u015b\u0107. Wiemy, \u017ce praca s\u0142u\u017cb da wyczekiwane efekty, ale walka z \u017cywio\u0142em jest czasoch\u0142onna. Prosimy o pozostanie w najbli\u017cszych godzinach w domach. B\u0119dziemy informowa\u0107 o post\u0119pach prac.<\/div>\n<\/div>\n","protected":false},"excerpt":{"rendered":"<p>Uwaga! We wtorek i w \u015brod\u0119 w obu szko\u0142ach podstawowych na terenie gminy nauka b\u0119dzie zdalna we wszystkich klasach. Uczniowie klas I-III wyj\u0105tkowo b\u0119d\u0105 mie\u0107 zdalne lekcje z powodu zamieci i intensywnych opad\u00f3w \u015bniegu. Prosimy o udost\u0119pnianie tego artyku\u0142u.<\/p>\n","protected":false},"author":3,"featured_media":6698,"comment_status":"closed","ping_status":"open","sticky":false,"template":"","format":"standard","meta":{"_et_pb_use_builder":"","_et_pb_old_content":"","_et_gb_content_width":"","cybocfi_hide_featured_image":"","footnotes":""},"categories":[99,87,1004],"tags":[968,3740],"class_list":["post-6697","post","type-post","status-publish","format-standard","has-post-thumbnail","hentry","category-aktualnosci","category-edukacja","category-zarzadzanie-kryzysowe","tag-uwaga","tag-z-powodu-sniezyc-9-i-10-lutego-nauka-zdalna-we-wszystkich-klasach-szkol-podstawowych","high-contrast"],"_links":{"self":[{"href":"https:\/\/umtykocin.pl\/mieszkaniec\/wp-json\/wp\/v2\/posts\/6697","targetHints":{"allow":["GET"]}}],"collection":[{"href":"https:\/\/umtykocin.pl\/mieszkaniec\/wp-json\/wp\/v2\/posts"}],"about":[{"href":"https:\/\/umtykocin.pl\/mieszkaniec\/wp-json\/wp\/v2\/types\/post"}],"author":[{"embeddable":true,"href":"https:\/\/umtykocin.pl\/mieszkaniec\/wp-json\/wp\/v2\/users\/3"}],"replies":[{"embeddable":true,"href":"https:\/\/umtykocin.pl\/mieszkaniec\/wp-json\/wp\/v2\/comments?post=6697"}],"version-history":[{"count":2,"href":"https:\/\/umtykocin.pl\/mieszkaniec\/wp-json\/wp\/v2\/posts\/6697\/revisions"}],"predecessor-version":[{"id":6700,"href":"https:\/\/umtykocin.pl\/mieszkaniec\/wp-json\/wp\/v2\/posts\/6697\/revisions\/6700"}],"wp:featuredmedia":[{"embeddable":true,"href":"https:\/\/umtykocin.pl\/mieszkaniec\/wp-json\/wp\/v2\/media\/6698"}],"wp:attachment":[{"href":"https:\/\/umtykocin.pl\/mieszkaniec\/wp-json\/wp\/v2\/media?parent=6697"}],"wp:term":[{"taxonomy":"category","embeddable":true,"href":"https:\/\/umtykocin.pl\/mieszkaniec\/wp-json\/wp\/v2\/categories?post=6697"},{"taxonomy":"post_tag","embeddable":true,"href":"https:\/\/umtykocin.pl\/mieszkaniec\/wp-json\/wp\/v2\/tags?post=6697"}],"curies":[{"name":"wp","href":"https:\/\/api.w.org\/{rel}","templated":true}]}}