{"id":6702,"date":"2021-02-11T13:41:54","date_gmt":"2021-02-11T12:41:54","guid":{"rendered":"http:\/\/umtykocin.pl\/mieszkaniec\/?p=6702"},"modified":"2021-02-11T13:41:54","modified_gmt":"2021-02-11T12:41:54","slug":"mozliwe-zmiany-terminow-odbioru-odpadow-komunalnych","status":"publish","type":"post","link":"https:\/\/umtykocin.pl\/mieszkaniec\/mozliwe-zmiany-terminow-odbioru-odpadow-komunalnych\/","title":{"rendered":"Mo\u017cliwe zmiany termin\u00f3w odbioru odpad\u00f3w komunalnych"},"content":{"rendered":"<div class=\"kvgmc6g5 cxmmr5t8 oygrvhab hcukyx3x c1et5uql ii04i59q\">\n<div dir=\"auto\">Uwaga, informujemy, \u017ce firma MPO Sp. z o.o. mo\u017ce w najbli\u017cszych tygodniach odbiera\u0107 odpady zbierane selektywnie i zmieszane z op\u00f3\u017anieniem lub w nast\u0119pnym przewidzianym terminie, zw\u0142aszcza na obszarze kolonii i z posesji oddalonych od g\u0142\u00f3wnych dr\u00f3g.<\/div>\n<\/div>\n<div class=\"o9v6fnle cxmmr5t8 oygrvhab hcukyx3x c1et5uql ii04i59q\">\n<div dir=\"auto\">Op\u00f3\u017anienia i przesuni\u0119cia termin\u00f3w s\u0105 spowodowane trudnymi warunkami atmosferycznymi i drogowymi wyst\u0119puj\u0105cymi w ca\u0142ym regionie.<\/div>\n<\/div>\n<div class=\"o9v6fnle cxmmr5t8 oygrvhab hcukyx3x c1et5uql ii04i59q\">\n<div dir=\"auto\">Przepraszamy za zrozumia\u0142e niedogodno\u015bci. Monitorujemy na bie\u017c\u0105co sytuacj\u0119.<\/div>\n<\/div>\n","protected":false},"excerpt":{"rendered":"<p>Uwaga, informujemy, \u017ce firma MPO Sp. z o.o. mo\u017ce w najbli\u017cszych tygodniach odbiera\u0107 odpady zbierane selektywnie i zmieszane z op\u00f3\u017anieniem lub w nast\u0119pnym przewidzianym terminie, zw\u0142aszcza na obszarze kolonii i z posesji oddalonych od g\u0142\u00f3wnych dr\u00f3g. Op\u00f3\u017anienia i przesuni\u0119cia termin\u00f3w s\u0105 spowodowane trudnymi warunkami atmosferycznymi i drogowymi wyst\u0119puj\u0105cymi w ca\u0142ym regionie. Przepraszamy za zrozumia\u0142e niedogodno\u015bci. [&hellip;]<\/p>\n","protected":false},"author":3,"featured_media":6703,"comment_status":"closed","ping_status":"open","sticky":false,"template":"","format":"standard","meta":{"_et_pb_use_builder":"","_et_pb_old_content":"","_et_gb_content_width":"","cybocfi_hide_featured_image":"","footnotes":""},"categories":[99,165],"tags":[3742],"class_list":["post-6702","post","type-post","status-publish","format-standard","has-post-thumbnail","hentry","category-aktualnosci","category-gospodarka-odpadami-komunalnymi","tag-mozliwe-zmiany-terminow-odbioru-odpadow-komunalnych","high-contrast"],"_links":{"self":[{"href":"https:\/\/umtykocin.pl\/mieszkaniec\/wp-json\/wp\/v2\/posts\/6702","targetHints":{"allow":["GET"]}}],"collection":[{"href":"https:\/\/umtykocin.pl\/mieszkaniec\/wp-json\/wp\/v2\/posts"}],"about":[{"href":"https:\/\/umtykocin.pl\/mieszkaniec\/wp-json\/wp\/v2\/types\/post"}],"author":[{"embeddable":true,"href":"https:\/\/umtykocin.pl\/mieszkaniec\/wp-json\/wp\/v2\/users\/3"}],"replies":[{"embeddable":true,"href":"https:\/\/umtykocin.pl\/mieszkaniec\/wp-json\/wp\/v2\/comments?post=6702"}],"version-history":[{"count":1,"href":"https:\/\/umtykocin.pl\/mieszkaniec\/wp-json\/wp\/v2\/posts\/6702\/revisions"}],"predecessor-version":[{"id":6704,"href":"https:\/\/umtykocin.pl\/mieszkaniec\/wp-json\/wp\/v2\/posts\/6702\/revisions\/6704"}],"wp:featuredmedia":[{"embeddable":true,"href":"https:\/\/umtykocin.pl\/mieszkaniec\/wp-json\/wp\/v2\/media\/6703"}],"wp:attachment":[{"href":"https:\/\/umtykocin.pl\/mieszkaniec\/wp-json\/wp\/v2\/media?parent=6702"}],"wp:term":[{"taxonomy":"category","embeddable":true,"href":"https:\/\/umtykocin.pl\/mieszkaniec\/wp-json\/wp\/v2\/categories?post=6702"},{"taxonomy":"post_tag","embeddable":true,"href":"https:\/\/umtykocin.pl\/mieszkaniec\/wp-json\/wp\/v2\/tags?post=6702"}],"curies":[{"name":"wp","href":"https:\/\/api.w.org\/{rel}","templated":true}]}}